{"id":142,"date":"2021-03-01T12:44:00","date_gmt":"2021-03-01T11:44:00","guid":{"rendered":"https:\/\/aschaffenburg.fau.org\/?p=142"},"modified":"2023-04-03T12:49:25","modified_gmt":"2023-04-03T10:49:25","slug":"mitteilung-zur-gruendung-der-sektion-aschaffenburg","status":"publish","type":"post","link":"https:\/\/aschaffenburg.fau.org\/?p=142","title":{"rendered":"Mitteilung zur Gr\u00fcndung der Sektion Aschaffenburg"},"content":{"rendered":"\n<p>Im M\u00e4rz 2021 hat die Vollversammlung der FAU Frankfurt die Bildung der \u201eSektion Aschaffenburg\u201c best\u00e4tigt. Diese ist eine Untergliederung der FAU Frankfurt und setzt sich aus den Mitgliedern zusammen, welche im Raum Aschaffenburg-Miltenberg arbeiten und leben.<\/p>\n\n\n<a class=\"wp-block-read-more\" href=\"https:\/\/aschaffenburg.fau.org\/?p=142\" target=\"_self\">Weiterlesen<span class=\"screen-reader-text\">: Mitteilung zur Gr\u00fcndung der Sektion Aschaffenburg<\/span><\/a>\n\n\n<p><strong>Mitteilung zur Gr\u00fcndung der FAU Sektion Aschaffenburg<\/strong><\/p>\n\n\n\n<p>Wir sind ein Kreis von Mitgliedern der <a href=\"http:\/\/frankfurt.fau.org\/\" target=\"_blank\" rel=\"noreferrer noopener\">\u201eFAU Frankfurt a. M. \u2013 Gewerkschaft f\u00fcr alle Berufe\u201c<\/a>, die in der Region Aschaffenburg-Miltenberg arbeiten und leben.<\/p>\n\n\n\n<p>Die neu gegr\u00fcndete Sektion ist eine Untergliederung der FAU Frankfurt. Aktuell stecken wir in den Vorbereitungen f\u00fcr eine lokale gewerkschaftliche Anlaufstelle und wollen, sobald es die Pandemie-Bedingungen zu lassen, regelm\u00e4\u00dfig offene Treffen abhalten.<\/p>\n\n\n\n<p><strong>Gewerkschaftlich organisieren!<\/strong><\/p>\n\n\n\n<p>Egal ob in Festanstellung, Teilzeit, Leiharbeit, im Mini-Job, als Honorarkraft oder erwerbslos: Die Organisierung in einer Gewerkschaft bietet nicht nur die M\u00f6glichkeit sich gemeinsam zu wehren, sondern sie ist mit entsprechender St\u00e4rke auch dazu in der Lage Verbesserungen zu erk\u00e4mpfen.<\/p>\n\n\n\n<p>Wer aber das Wort Gewerkschaft h\u00f6rt, denkt meist sofort an gro\u00dfe Organisationen, bei denen man Mitglied werden kann, seinen Beitrag zahlt und alle paar Jahre im Rahmen der Tarifverhandlungen von bezahlten Funktion\u00e4r*innen zum Warnstreik aufgerufen wird.<\/p>\n\n\n\n<p>F\u00fcr viele Kolleg*innen steht Gewerkschaft auch f\u00fcr Kompromiss, Machenschaften mit Politik und Arbeitgeber*innen, Funktion\u00e4rstum und f\u00fcr Entscheidungen, die nicht dem Willen der Basis entspringen.<\/p>\n\n\n\n<p>Leider entsprechen viele Gewerkschaften oft diesem Bild; sofern sie in Unternehmen \u00fcberhaupt pr\u00e4sent sind, denn gerade in kleineren Betrieben, der Gig- und Dienstleistungs\u00f6konomie und allgemein im Niedriglohnbereich, ist ihre Abwesenheit eher die Regel statt der Ausnahme. Und das obwohl gerade dort Arbeitsrechte oft am heftigsten mit F\u00fc\u00dfen getreten werden.<\/p>\n\n\n\n<p><strong>Basisgewerkschaften der FAU<\/strong><\/p>\n\n\n\n<p>Es gibt aber auch eine andere Art von Gewerkschaft: Basisgewerkschaften. Diese streben eine aktive Beteiligung aller Mitglieder an, lehnen bezahlte Posten ab und versuchen durch eine konfrontative Gewerkschaftsarbeit das Maximum f\u00fcr ihre Mitglieder zu erstreiten. Sie haben den Anspruch, Gewerkschaften von Arbeiter*innen f\u00fcr Arbeiter*innen zu sein.<\/p>\n\n\n\n<p>Und als eine solche verstehen wir uns: Wir organisieren uns dezentral und nach den Interessen unserer Mitglieder. Entscheidungen werden an der Basis getroffen. Statt auf Stellvertreterpolitik setzen wir auf Selbstorganisation. Basisdemokratisch, k\u00e4mpferisch, voll gegenseitiger Hilfe und einer freieren und gerechteren Welt in den Herzen, f\u00fcr die wir uns heute schon stark machen.<\/p>\n\n\n\n<p>Und welches Potential die Basisgewerkschaften der FAU tats\u00e4chlich bieten, zeigt sich unter anderem an der zunehmenden Anzahl von gef\u00fchrten Arbeitsk\u00e4mpfen. So konnten in den letzten Jahren zahlreiche Konflikte ausgetragen und insbesondere in prek\u00e4ren Besch\u00e4ftigungsverh\u00e4ltnissen oder in schwer organisierbaren Branchen auch einige Achtungserfolge erzielt werden. Und diese zeigen, dass es sich auch dort sehr wohl zu k\u00e4mpfen lohnt.<\/p>\n\n\n\n<p><strong>Unsere Pl\u00e4ne f\u00fcr 2021<\/strong><\/p>\n\n\n\n<p>Mit einer in den letzten Jahren stetig wachsenden FAU und der Solidarit\u00e4t ihrer Mitglieder im R\u00fccken, wollen wir auch in unserer Region als gewerkschaftliche Alternative wahrnehmbar und bei Problemen am Arbeitsplatz ansprechbar sein, nach dem Prinzip gegenseitiger Hilfe Unterst\u00fctzung leisten und f\u00fcr eine Mitgliedschaft in der FAU werben.<\/p>\n\n\n\n<p>Dar\u00fcber hinaus wollen wir uns mit Arbeitsk\u00e4mpfen und Organizing-Konzepten der FAU auseinandersetzen und anlassbezogen gewerkschaftliche Schulungen ausrichten, um zielgerichtet das f\u00fcr Konfliktf\u00fchrung notwendige Wissen zu vermitteln. Denn nur wer seine Recht kennt, kann sie auch selbstbewusst einfordern.<\/p>\n\n\n\n<p><strong>Join the union!<\/strong><\/p>\n\n\n\n<p>Es gibt einiges aufzubauen und zu gestalten und wer sich von unserem Vorhaben angesprochen f\u00fchlt, ist herzlich willkommen. Dabei ist es egal, wie viel Erfahrung und welches Vorwissen jemand mitbringt oder nicht. Wichtig ist ein ehrliches Interesse an selbstorganisierter Gewerkschaftsarbeit, die Bereitschaft sich in Konfliktf\u00e4llen gegenseitig unter die Arme zu greifen und ein Gesp\u00fcr daf\u00fcr zu haben, dass die gesellschaftlichen Arbeits- und Lebensverh\u00e4ltnisse zutiefst ungerecht sind und deshalb grundlegend ver\u00e4ndert werden m\u00fcssen.<\/p>\n\n\n\n<p>Ausf\u00fchrlichere Infos und zu Fragen rund um eine Mitgliedschaft geben wir gerne in einem pers\u00f6nlichen Gespr\u00e4ch.<\/p>\n\n\n\n<p><em>FAU Sektion Aschaffenburg, M\u00e4rz 2021<\/em><\/p>\n","protected":false},"excerpt":{"rendered":"<p>Im M\u00e4rz 2021 hat die Vollversammlung der FAU Frankfurt die Bildung der \u201eSektion Aschaffenburg\u201c best\u00e4tigt. Diese ist eine Untergliederung der FAU Frankfurt und setzt sich aus den Mitgliedern zusammen, welche im Raum Aschaffenburg-Miltenberg arbeiten und leben. Mitteilung zur Gr\u00fcndung der FAU Sektion Aschaffenburg Wir sind ein Kreis von Mitgliedern der&#8230; <a class=\"continue-reading-link\" href=\"https:\/\/aschaffenburg.fau.org\/?p=142\">Continue reading<\/a><\/p>\n","protected":false},"author":1,"featured_media":0,"comment_status":"closed","ping_status":"open","sticky":false,"template":"","format":"standard","meta":{"footnotes":""},"categories":[19],"tags":[17,13],"class_list":["post-142","post","type-post","status-publish","format-standard","hentry","category-archiv","tag-basisgewerkschaft","tag-organizing"],"_links":{"self":[{"href":"https:\/\/aschaffenburg.fau.org\/index.php?rest_route=\/wp\/v2\/posts\/142","targetHints":{"allow":["GET"]}}],"collection":[{"href":"https:\/\/aschaffenburg.fau.org\/index.php?rest_route=\/wp\/v2\/posts"}],"about":[{"href":"https:\/\/aschaffenburg.fau.org\/index.php?rest_route=\/wp\/v2\/types\/post"}],"author":[{"embeddable":true,"href":"https:\/\/aschaffenburg.fau.org\/index.php?rest_route=\/wp\/v2\/users\/1"}],"replies":[{"embeddable":true,"href":"https:\/\/aschaffenburg.fau.org\/index.php?rest_route=%2Fwp%2Fv2%2Fcomments&post=142"}],"version-history":[{"count":3,"href":"https:\/\/aschaffenburg.fau.org\/index.php?rest_route=\/wp\/v2\/posts\/142\/revisions"}],"predecessor-version":[{"id":146,"href":"https:\/\/aschaffenburg.fau.org\/index.php?rest_route=\/wp\/v2\/posts\/142\/revisions\/146"}],"wp:attachment":[{"href":"https:\/\/aschaffenburg.fau.org\/index.php?rest_route=%2Fwp%2Fv2%2Fmedia&parent=142"}],"wp:term":[{"taxonomy":"category","embeddable":true,"href":"https:\/\/aschaffenburg.fau.org\/index.php?rest_route=%2Fwp%2Fv2%2Fcategories&post=142"},{"taxonomy":"post_tag","embeddable":true,"href":"https:\/\/aschaffenburg.fau.org\/index.php?rest_route=%2Fwp%2Fv2%2Ftags&post=142"}],"curies":[{"name":"wp","href":"https:\/\/api.w.org\/{rel}","templated":true}]}}