{"id":147,"date":"2021-08-03T12:51:00","date_gmt":"2021-08-03T10:51:00","guid":{"rendered":"https:\/\/aschaffenburg.fau.org\/?p=147"},"modified":"2023-04-03T12:52:57","modified_gmt":"2023-04-03T10:52:57","slug":"gewerkschaftliches-ao-treffen-ab-september-2021","status":"publish","type":"post","link":"https:\/\/aschaffenburg.fau.org\/?p=147","title":{"rendered":"Gewerkschaftliches A&amp;O-Treffen ab September 2021"},"content":{"rendered":"\n<p>Ab September 2021 starten wir mit unseren monatlichen A&amp;O-Treffen.<\/p>\n\n\n\n<p>A&amp;O steht f\u00fcr Arbeitsrecht &amp; Organizing. Bei diesen Treffen eignen wir uns gemeinsam das theoretische R\u00fcstzeug f\u00fcr gewerkschaftliche Praxis an. An Hand von Schulungsmaterialien oder Inputs zu praktischen Fallbeispielen vertiefen wir ein zuvor festgelegtes Thema.<\/p>\n\n\n\n<p>Die A&amp;O Treffen finden an jedem 3. Montag im Monat von 18:30 bis 20 Uhr statt. Die jeweiligen Themen werden auf unseren Online-Kan\u00e4len rechtzeitig angek\u00fcndigt.<\/p>\n\n\n\n<p>Auch nicht-Mitglieder sind zur Teilnahme herzlich eingeladen. Bitte beachten: Um geltende Corona-Auflagen ber\u00fccksichtigen zu k\u00f6nnen, ist eine vorherige Anmeldung per Email erforderlich. Wende dich bei Interesse bitte an fauab-kontakt(at)fau.org<\/p>\n","protected":false},"excerpt":{"rendered":"<p>Ab September 2021 starten wir mit unseren monatlichen A&amp;O-Treffen. A&amp;O steht f\u00fcr Arbeitsrecht &amp; Organizing. Bei diesen Treffen eignen wir uns gemeinsam das theoretische R\u00fcstzeug f\u00fcr gewerkschaftliche Praxis an. An Hand von Schulungsmaterialien oder Inputs zu praktischen Fallbeispielen vertiefen wir ein zuvor festgelegtes Thema. Die A&amp;O Treffen finden an jedem&#8230; <a class=\"continue-reading-link\" href=\"https:\/\/aschaffenburg.fau.org\/?p=147\">Continue reading<\/a><\/p>\n","protected":false},"author":1,"featured_media":148,"comment_status":"closed","ping_status":"open","sticky":false,"template":"","format":"standard","meta":{"footnotes":""},"categories":[19],"tags":[12,10,17,11,13],"class_list":["post-147","post","type-post","status-publish","format-standard","has-post-thumbnail","hentry","category-archiv","tag-ao-treffen","tag-arbeitsrecht","tag-basisgewerkschaft","tag-bildung","tag-organizing"],"_links":{"self":[{"href":"https:\/\/aschaffenburg.fau.org\/index.php?rest_route=\/wp\/v2\/posts\/147","targetHints":{"allow":["GET"]}}],"collection":[{"href":"https:\/\/aschaffenburg.fau.org\/index.php?rest_route=\/wp\/v2\/posts"}],"about":[{"href":"https:\/\/aschaffenburg.fau.org\/index.php?rest_route=\/wp\/v2\/types\/post"}],"author":[{"embeddable":true,"href":"https:\/\/aschaffenburg.fau.org\/index.php?rest_route=\/wp\/v2\/users\/1"}],"replies":[{"embeddable":true,"href":"https:\/\/aschaffenburg.fau.org\/index.php?rest_route=%2Fwp%2Fv2%2Fcomments&post=147"}],"version-history":[{"count":1,"href":"https:\/\/aschaffenburg.fau.org\/index.php?rest_route=\/wp\/v2\/posts\/147\/revisions"}],"predecessor-version":[{"id":149,"href":"https:\/\/aschaffenburg.fau.org\/index.php?rest_route=\/wp\/v2\/posts\/147\/revisions\/149"}],"wp:featuredmedia":[{"embeddable":true,"href":"https:\/\/aschaffenburg.fau.org\/index.php?rest_route=\/wp\/v2\/media\/148"}],"wp:attachment":[{"href":"https:\/\/aschaffenburg.fau.org\/index.php?rest_route=%2Fwp%2Fv2%2Fmedia&parent=147"}],"wp:term":[{"taxonomy":"category","embeddable":true,"href":"https:\/\/aschaffenburg.fau.org\/index.php?rest_route=%2Fwp%2Fv2%2Fcategories&post=147"},{"taxonomy":"post_tag","embeddable":true,"href":"https:\/\/aschaffenburg.fau.org\/index.php?rest_route=%2Fwp%2Fv2%2Ftags&post=147"}],"curies":[{"name":"wp","href":"https:\/\/api.w.org\/{rel}","templated":true}]}}