{"id":281,"date":"2023-04-10T16:34:34","date_gmt":"2023-04-10T14:34:34","guid":{"rendered":"https:\/\/aschaffenburg.fau.org\/?p=281"},"modified":"2023-04-10T16:34:34","modified_gmt":"2023-04-10T14:34:34","slug":"solidaritaet-mit-den-streikenden-lkw-fahrern-mazur-pay-the-workers","status":"publish","type":"post","link":"https:\/\/aschaffenburg.fau.org\/?p=281","title":{"rendered":"Solidarit\u00e4t mit den streikenden LKW-Fahrern &#8211; Mazur, pay the workers!"},"content":{"rendered":"\n<p>Seit dem 20. M\u00e4rz streiken LKW-Fahrer an der Rastst\u00e4tte Gr\u00e4fenhausen West, an der A5 N\u00e4he Darmstadt. Sie fahren im Auftrag der Unternehmensgruppe Mazur und beklagen seit langem ausstehende L\u00f6hne.<\/p>\n\n\n\n<p>Manche der aus Georgien und Usbekistan kommenden Fahrer haben seit Wochen kein Geld mehr gesehen. Jegliche Verhandlungsversuche mit Mazur blieben bislang erfolglos.<\/p>\n\n\n\n<p>Am Freitag drohte der Konflikt zu eskalieren, nachdem der Inhaber samt einer paramilit\u00e4risch auftretenden Truppe den Rastplatz mittels eines gepanzerten Fahrzeugs ansteuerten. Ziel war die \u00dcbernahme der LKW, welche durch in Kleinbussen herangekarrte Fahrer weggefahren werden sollten. Doch diese waren nicht \u00fcber ihren eigentlichen Auftrag in Kenntnis gesetzt und verweigerten es als Streikbrecher zu fungieren.<br><br>Es kam zu einem kurzen Handgemenge, welches durch zwischenzeitlich eingetroffene Polizeikr\u00e4fte beendet wurde. F\u00fcr Mazur und seine Truppe endete der Tag im Gewahrsam.<\/p>\n\n\n\n<p>Einige unserer Gewerkschaftsmitglieder waren heute vor Ort und haben Getr\u00e4nke, Obst, S\u00fc\u00dfigkeiten und solidarische Gr\u00fc\u00dfe an die Streikenden \u00fcbergeben.<\/p>\n\n\n\n<p>In Gespr\u00e4chen wurde berichtet, dass sich aktuell etwa 85-90 Fahrer im Ausstand befinden. Die Summe der ingesamt ausstehenden L\u00f6hne beliefe sich auf rund 250.000\u20ac<\/p>\n\n\n\n<p>Die Streikenden, welche unter anderem von Kolleg*innen des Beratungsnetzwerk <a href=\"https:\/\/twitter.com\/FaireMobilitaet\">\u201eFaire Mobilit\u00e4t&#8220;<\/a> unterst\u00fctzt werden, haben bekr\u00e4ftigt, dass sie die Streikversammlung erst aufl\u00f6sen werden, nachdem alle ausstehenden L\u00f6hne vollumf\u00e4nglich gezahlt sind.<\/p>\n\n\n\n<p>Wir w\u00fcnschen den Streikenden viel Ausdauer, Kraft und vollen Erfolg!<\/p>\n\n\n\n<figure class=\"wp-block-gallery has-nested-images columns-default is-cropped wp-block-gallery-1 is-layout-flex wp-block-gallery-is-layout-flex\">\n<figure class=\"wp-block-image size-large\"><img loading=\"lazy\" decoding=\"async\" width=\"1024\" height=\"1024\" data-id=\"284\" src=\"https:\/\/aschaffenburg.fau.org\/wp-content\/uploads\/2023\/04\/1-1024x1024.png\" alt=\"\" class=\"wp-image-284\" srcset=\"https:\/\/aschaffenburg.fau.org\/wp-content\/uploads\/2023\/04\/1-1024x1024.png 1024w, https:\/\/aschaffenburg.fau.org\/wp-content\/uploads\/2023\/04\/1-300x300.png 300w, https:\/\/aschaffenburg.fau.org\/wp-content\/uploads\/2023\/04\/1-150x150.png 150w, https:\/\/aschaffenburg.fau.org\/wp-content\/uploads\/2023\/04\/1-768x768.png 768w, https:\/\/aschaffenburg.fau.org\/wp-content\/uploads\/2023\/04\/1-350x350.png 350w, https:\/\/aschaffenburg.fau.org\/wp-content\/uploads\/2023\/04\/1.png 1080w\" sizes=\"auto, (max-width: 1024px) 100vw, 1024px\" \/><\/figure>\n\n\n\n<figure class=\"wp-block-image size-large\"><img loading=\"lazy\" decoding=\"async\" width=\"1024\" height=\"1024\" data-id=\"283\" src=\"https:\/\/aschaffenburg.fau.org\/wp-content\/uploads\/2023\/04\/2-1024x1024.png\" alt=\"\" class=\"wp-image-283\" srcset=\"https:\/\/aschaffenburg.fau.org\/wp-content\/uploads\/2023\/04\/2-1024x1024.png 1024w, https:\/\/aschaffenburg.fau.org\/wp-content\/uploads\/2023\/04\/2-300x300.png 300w, https:\/\/aschaffenburg.fau.org\/wp-content\/uploads\/2023\/04\/2-150x150.png 150w, https:\/\/aschaffenburg.fau.org\/wp-content\/uploads\/2023\/04\/2-768x768.png 768w, https:\/\/aschaffenburg.fau.org\/wp-content\/uploads\/2023\/04\/2-350x350.png 350w, https:\/\/aschaffenburg.fau.org\/wp-content\/uploads\/2023\/04\/2.png 1080w\" sizes=\"auto, (max-width: 1024px) 100vw, 1024px\" \/><\/figure>\n\n\n\n<figure class=\"wp-block-image size-large\"><img loading=\"lazy\" decoding=\"async\" width=\"1024\" height=\"1024\" data-id=\"285\" src=\"https:\/\/aschaffenburg.fau.org\/wp-content\/uploads\/2023\/04\/3-1024x1024.png\" alt=\"\" class=\"wp-image-285\" srcset=\"https:\/\/aschaffenburg.fau.org\/wp-content\/uploads\/2023\/04\/3-1024x1024.png 1024w, https:\/\/aschaffenburg.fau.org\/wp-content\/uploads\/2023\/04\/3-300x300.png 300w, https:\/\/aschaffenburg.fau.org\/wp-content\/uploads\/2023\/04\/3-150x150.png 150w, https:\/\/aschaffenburg.fau.org\/wp-content\/uploads\/2023\/04\/3-768x768.png 768w, https:\/\/aschaffenburg.fau.org\/wp-content\/uploads\/2023\/04\/3-350x350.png 350w, https:\/\/aschaffenburg.fau.org\/wp-content\/uploads\/2023\/04\/3.png 1080w\" sizes=\"auto, (max-width: 1024px) 100vw, 1024px\" \/><\/figure>\n\n\n\n<figure class=\"wp-block-image size-large\"><img loading=\"lazy\" decoding=\"async\" width=\"1080\" height=\"1080\" data-id=\"282\" src=\"https:\/\/aschaffenburg.fau.org\/wp-content\/uploads\/2023\/04\/4-1024x1024.png\" alt=\"\" class=\"wp-image-282\" srcset=\"https:\/\/aschaffenburg.fau.org\/wp-content\/uploads\/2023\/04\/4-1024x1024.png 1024w, https:\/\/aschaffenburg.fau.org\/wp-content\/uploads\/2023\/04\/4-300x300.png 300w, https:\/\/aschaffenburg.fau.org\/wp-content\/uploads\/2023\/04\/4-150x150.png 150w, https:\/\/aschaffenburg.fau.org\/wp-content\/uploads\/2023\/04\/4-768x768.png 768w, https:\/\/aschaffenburg.fau.org\/wp-content\/uploads\/2023\/04\/4-350x350.png 350w, https:\/\/aschaffenburg.fau.org\/wp-content\/uploads\/2023\/04\/4.png 1080w\" sizes=\"auto, (max-width: 1080px) 100vw, 1080px\" \/><\/figure>\n<\/figure>\n\n\n\n<hr class=\"wp-block-separator has-alpha-channel-opacity\"\/>\n\n\n\n<p><strong>Weiterf\u00fchrende Links mit Informationen:<\/strong><\/p>\n\n\n\n<p>Aufstand der Ausgebeuteten (Frankfurter Rundschau)<br><a href=\"https:\/\/www.fr.de\/wirtschaft\/lkw-fahrer-streiken-georgien-usbekistan-ausbeutung-92184735.html\">https:\/\/www.fr.de\/wirtschaft\/lkw-fahrer-streiken-georgien-usbekistan-ausbeutung-92184735.html<\/a><\/p>\n\n\n\n<p>Spediteur erscheint mit Kampftruppe (TAZ)<\/p>\n\n\n\n<p><a href=\"https:\/\/taz.de\/Lkw-Streik-auf-der-Raststaette-Graefenhausen\/!5926951\">https:\/\/taz.de\/Lkw-Streik-auf-der-Raststaette-Graefenhausen\/!5926951<\/a><\/p>\n\n\n\n<p>Bericht des Fernsehmagazin Brisant<\/p>\n\n\n\n<p><a href=\"https:\/\/www.mdr.de\/brisant\/lkw-streik-graefenhausen-100.html\">https:\/\/www.mdr.de\/brisant\/lkw-streik-graefenhausen-100.html<\/a><\/p>\n\n\n\n<p>Dossier bei Labournet<\/p>\n\n\n\n<figure class=\"wp-block-embed is-type-wp-embed is-provider-labournet-germany wp-block-embed-labournet-germany\"><div class=\"wp-block-embed__wrapper\">\n<blockquote class=\"wp-embedded-content\" data-secret=\"slaXsNeHia\"><a href=\"https:\/\/www.labournet.de\/branchen\/dienstleistungen\/speditionen\/mind-55-lkw-fahrer-aus-georgien-und-usbekistan-streiken-auf-der-autobahnraststaette-bei-darmstadt-fuer-ihren-lohn-von-der-polnischen-firmengruppe-mazur\/\">Mind. 55 Lkw-Fahrer aus Georgien und Usbekistan streiken auf der Autobahnrastst\u00e4tte bei Darmstadt f\u00fcr ihren Lohn von der polnischen Firmengruppe Mazur<\/a><\/blockquote><iframe loading=\"lazy\" class=\"wp-embedded-content\" sandbox=\"allow-scripts\" security=\"restricted\" style=\"position: absolute; clip: rect(1px, 1px, 1px, 1px);\" title=\"&#8222;Mind. 55 Lkw-Fahrer aus Georgien und Usbekistan streiken auf der Autobahnrastst\u00e4tte bei Darmstadt f\u00fcr ihren Lohn von der polnischen Firmengruppe Mazur&#8220; &#8212; LabourNet Germany\" src=\"https:\/\/www.labournet.de\/branchen\/dienstleistungen\/speditionen\/mind-55-lkw-fahrer-aus-georgien-und-usbekistan-streiken-auf-der-autobahnraststaette-bei-darmstadt-fuer-ihren-lohn-von-der-polnischen-firmengruppe-mazur\/embed\/#?secret=xJ8hqWOenA#?secret=slaXsNeHia\" data-secret=\"slaXsNeHia\" width=\"600\" height=\"338\" frameborder=\"0\" marginwidth=\"0\" marginheight=\"0\" scrolling=\"no\"><\/iframe>\n<\/div><\/figure>\n","protected":false},"excerpt":{"rendered":"<p>Seit dem 20. M\u00e4rz streiken LKW-Fahrer an der Rastst\u00e4tte Gr\u00e4fenhausen West, an der A5 N\u00e4he Darmstadt. Sie fahren im Auftrag der Unternehmensgruppe Mazur und beklagen seit langem ausstehende L\u00f6hne. Manche der aus Georgien und Usbekistan kommenden Fahrer haben seit Wochen kein Geld mehr gesehen. Jegliche Verhandlungsversuche mit Mazur blieben bislang&#8230; <a class=\"continue-reading-link\" href=\"https:\/\/aschaffenburg.fau.org\/?p=281\">Continue reading<\/a><\/p>\n","protected":false},"author":1,"featured_media":0,"comment_status":"closed","ping_status":"open","sticky":false,"template":"","format":"standard","meta":{"footnotes":""},"categories":[5],"tags":[],"class_list":["post-281","post","type-post","status-publish","format-standard","hentry","category-aktuell"],"_links":{"self":[{"href":"https:\/\/aschaffenburg.fau.org\/index.php?rest_route=\/wp\/v2\/posts\/281","targetHints":{"allow":["GET"]}}],"collection":[{"href":"https:\/\/aschaffenburg.fau.org\/index.php?rest_route=\/wp\/v2\/posts"}],"about":[{"href":"https:\/\/aschaffenburg.fau.org\/index.php?rest_route=\/wp\/v2\/types\/post"}],"author":[{"embeddable":true,"href":"https:\/\/aschaffenburg.fau.org\/index.php?rest_route=\/wp\/v2\/users\/1"}],"replies":[{"embeddable":true,"href":"https:\/\/aschaffenburg.fau.org\/index.php?rest_route=%2Fwp%2Fv2%2Fcomments&post=281"}],"version-history":[{"count":1,"href":"https:\/\/aschaffenburg.fau.org\/index.php?rest_route=\/wp\/v2\/posts\/281\/revisions"}],"predecessor-version":[{"id":286,"href":"https:\/\/aschaffenburg.fau.org\/index.php?rest_route=\/wp\/v2\/posts\/281\/revisions\/286"}],"wp:attachment":[{"href":"https:\/\/aschaffenburg.fau.org\/index.php?rest_route=%2Fwp%2Fv2%2Fmedia&parent=281"}],"wp:term":[{"taxonomy":"category","embeddable":true,"href":"https:\/\/aschaffenburg.fau.org\/index.php?rest_route=%2Fwp%2Fv2%2Fcategories&post=281"},{"taxonomy":"post_tag","embeddable":true,"href":"https:\/\/aschaffenburg.fau.org\/index.php?rest_route=%2Fwp%2Fv2%2Ftags&post=281"}],"curies":[{"name":"wp","href":"https:\/\/api.w.org\/{rel}","templated":true}]}}