{"id":287,"date":"2023-04-11T09:53:17","date_gmt":"2023-04-11T07:53:17","guid":{"rendered":"https:\/\/aschaffenburg.fau.org\/?p=287"},"modified":"2023-04-11T10:03:58","modified_gmt":"2023-04-11T08:03:58","slug":"ausgruendung-als-eigenstaendige-basisgewerkschaft","status":"publish","type":"post","link":"https:\/\/aschaffenburg.fau.org\/?p=287","title":{"rendered":"Ausgr\u00fcndung als eigenst\u00e4ndige Basisgewerkschaft"},"content":{"rendered":"\n<p>Nachdem die FAU Sektion Aschaffenburg in das neue Jahr mit ihrer Jahreshauptversammlung gestartet hatte, standen im M\u00e4rz gleich zwei gro\u00dfe Termine an.<br>So richtete man am 25.03 einen internen Organinzing-Workshop mit zwei Referentinnen der <a href=\"https:\/\/as.hannover.fau.org\/\">FAU Hannover<\/a> aus. Zum Workshop waren auch Mitglieder der Syndikate der <a href=\"https:\/\/www.fau.org\/gewerkschaft\">FAU-Region S\u00fcd<\/a> eingeladen und es nahmen Genoss*innen aus Frankfurt, Kaiserslautern, Marburg-Gie\u00dfen-Wetzlar und Stuttgart teil.<\/p>\n\n\n<div class=\"wp-block-image\">\n<figure class=\"alignleft size-large is-resized\"><img loading=\"lazy\" decoding=\"async\" src=\"https:\/\/aschaffenburg.fau.org\/wp-content\/uploads\/2023\/04\/Organizing-Workshop-FAU-Aschaffenburg-724x1024.png\" alt=\"\" class=\"wp-image-288\" width=\"362\" height=\"512\" srcset=\"https:\/\/aschaffenburg.fau.org\/wp-content\/uploads\/2023\/04\/Organizing-Workshop-FAU-Aschaffenburg-724x1024.png 724w, https:\/\/aschaffenburg.fau.org\/wp-content\/uploads\/2023\/04\/Organizing-Workshop-FAU-Aschaffenburg-212x300.png 212w, https:\/\/aschaffenburg.fau.org\/wp-content\/uploads\/2023\/04\/Organizing-Workshop-FAU-Aschaffenburg-768x1086.png 768w, https:\/\/aschaffenburg.fau.org\/wp-content\/uploads\/2023\/04\/Organizing-Workshop-FAU-Aschaffenburg-1086x1536.png 1086w, https:\/\/aschaffenburg.fau.org\/wp-content\/uploads\/2023\/04\/Organizing-Workshop-FAU-Aschaffenburg-247x350.png 247w, https:\/\/aschaffenburg.fau.org\/wp-content\/uploads\/2023\/04\/Organizing-Workshop-FAU-Aschaffenburg-106x150.png 106w, https:\/\/aschaffenburg.fau.org\/wp-content\/uploads\/2023\/04\/Organizing-Workshop-FAU-Aschaffenburg.png 1414w\" sizes=\"auto, (max-width: 362px) 100vw, 362px\" \/><\/figure>\n<\/div>\n\n\n<p>Im ersten Modul des Workshops ging es darum, den Betrieb zu visualisieren und sich mit den betrieblichen Strukturen auseinanderzusetzen. Das zweite Modul drehte sich rund um das Thema, \u201eMenschen bewegen sich St\u00fcck f\u00fcr St\u00fcck: Eins zu Eins Gespr\u00e4che f\u00fchren,\u201c. Hier wurden Mittel und Wege erarbeitet, wie wir uns gemeinsam mit Kolleg*innen im Betrieb organisieren k\u00f6nnen. Das letzte Modul stand unter dem Motto \u201eZiele im Betrieb durchsetzen\u201c. Die Referentinnen erkl\u00e4rten M\u00f6glichkeiten, wie die Belange im Betrieb durchgesetzt werden k\u00f6nnen.<br>Zum Abschluss des Tages fand man sich nochmal in einer geselligen Runde zusammen und lies den Abend bei dem ein und anderen Getr\u00e4nk ausklingen.<br><br>Gleich am n\u00e4chsten Morgen ging es nach einem gemeinsamen Fr\u00fchst\u00fcck mit dem Regionaltreffen der Region S\u00fcd weiter. Hier wurden Syndikatsberichte vorgetragen, vorliegende Antr\u00e4ge behandelt und Mandate auf regionaler Ebene neu besetzt. Unter den Antr\u00e4gen befand sich auch ein Antrag der FAU Sektion Aschaffenburg, welcher die Ausgr\u00fcndung zum eigenst\u00e4ndigen Syndikat zum Ziel hatte. Dem Antrag gingen monatelange intensive Vorbereitungen voraus. <br>Diese M\u00fchen hatten sich gelohnt und die Delegierten des Regionaltreffen stimmten dem Antrag einstimmig zu. Die FAU Aschaffenburg ist somit keine Sektion mehr unter dem Dach der FAU Frankfurt a.M., sondern eine eigenst\u00e4ndige Basisgewerkschaft und Teil der bundesweiten F\u00f6deration <a href=\"https:\/\/www.fau.org\/\">Freie Arbeiter*innen-Union (FAU)<\/a>.<\/p>\n\n\n\n<p>An einer FAU-Mitglieschaft Interessierte k\u00f6nnen sich bei Fragen per Email an fauab-kontakt@fau.org wenden oder Mitglieder bei einer der n\u00e4chsten <a href=\"https:\/\/aschaffenburg.fau.org\/?post_type=tribe_events\">Veranstaltungen<\/a> pers\u00f6nlich ansprechen. <br>Ein Antrag auf Mitgliedschaft kann auch direkt <a href=\"https:\/\/aschaffenburg.fau.org\/?page_id=199\">hier (Link)<\/a> gestellt werden. <\/p>\n","protected":false},"excerpt":{"rendered":"<p>Nachdem die FAU Sektion Aschaffenburg in das neue Jahr mit ihrer Jahreshauptversammlung gestartet hatte, standen im M\u00e4rz gleich zwei gro\u00dfe Termine an.So richtete man am 25.03 einen internen Organinzing-Workshop mit zwei Referentinnen der FAU Hannover aus. Zum Workshop waren auch Mitglieder der Syndikate der FAU-Region S\u00fcd eingeladen und es nahmen&#8230; <a class=\"continue-reading-link\" href=\"https:\/\/aschaffenburg.fau.org\/?p=287\">Continue reading<\/a><\/p>\n","protected":false},"author":1,"featured_media":0,"comment_status":"closed","ping_status":"open","sticky":false,"template":"","format":"standard","meta":{"footnotes":""},"categories":[5],"tags":[17,11,13],"class_list":["post-287","post","type-post","status-publish","format-standard","hentry","category-aktuell","tag-basisgewerkschaft","tag-bildung","tag-organizing"],"_links":{"self":[{"href":"https:\/\/aschaffenburg.fau.org\/index.php?rest_route=\/wp\/v2\/posts\/287","targetHints":{"allow":["GET"]}}],"collection":[{"href":"https:\/\/aschaffenburg.fau.org\/index.php?rest_route=\/wp\/v2\/posts"}],"about":[{"href":"https:\/\/aschaffenburg.fau.org\/index.php?rest_route=\/wp\/v2\/types\/post"}],"author":[{"embeddable":true,"href":"https:\/\/aschaffenburg.fau.org\/index.php?rest_route=\/wp\/v2\/users\/1"}],"replies":[{"embeddable":true,"href":"https:\/\/aschaffenburg.fau.org\/index.php?rest_route=%2Fwp%2Fv2%2Fcomments&post=287"}],"version-history":[{"count":3,"href":"https:\/\/aschaffenburg.fau.org\/index.php?rest_route=\/wp\/v2\/posts\/287\/revisions"}],"predecessor-version":[{"id":292,"href":"https:\/\/aschaffenburg.fau.org\/index.php?rest_route=\/wp\/v2\/posts\/287\/revisions\/292"}],"wp:attachment":[{"href":"https:\/\/aschaffenburg.fau.org\/index.php?rest_route=%2Fwp%2Fv2%2Fmedia&parent=287"}],"wp:term":[{"taxonomy":"category","embeddable":true,"href":"https:\/\/aschaffenburg.fau.org\/index.php?rest_route=%2Fwp%2Fv2%2Fcategories&post=287"},{"taxonomy":"post_tag","embeddable":true,"href":"https:\/\/aschaffenburg.fau.org\/index.php?rest_route=%2Fwp%2Fv2%2Ftags&post=287"}],"curies":[{"name":"wp","href":"https:\/\/api.w.org\/{rel}","templated":true}]}}