{"id":405,"date":"2023-09-22T10:08:31","date_gmt":"2023-09-22T08:08:31","guid":{"rendered":"https:\/\/aschaffenburg.fau.org\/?p=405"},"modified":"2023-09-22T10:17:37","modified_gmt":"2023-09-22T08:17:37","slug":"fau-sommerschule-2023","status":"publish","type":"post","link":"https:\/\/aschaffenburg.fau.org\/?p=405","title":{"rendered":"FAU Sommerschule 2023"},"content":{"rendered":"<div class=\"wp-block-image\">\n<figure class=\"alignleft size-full\"><img loading=\"lazy\" decoding=\"async\" width=\"200\" height=\"254\" src=\"https:\/\/aschaffenburg.fau.org\/wp-content\/uploads\/2023\/08\/fau-sommerschule-e1695370082504.png\" alt=\"\" class=\"wp-image-382\"\/><\/figure>\n<\/div>\n\n\n<p>Die j\u00e4hrliche FAU-Sommerschule in Hannover war, wie schon die Jahre zuvor, gro\u00dfartig. Vier Mitglieder der FAU Aschaffenburg konnten 2023 daran teilnehmen. <br><\/p>\n\n\n\n<p>Es kamen \u00fcber 100 Genoss*innen aus 25 St\u00e4dten zusammen. Nach einer kurzen Begr\u00fc\u00dfungsrunde am Freitag Abend, startete man am Samstagmorgen in ein dreit\u00e4giges Workshop-Programm. Besucht wurden unterschiedlichste Workshops zu Themen wie: Fallkategorien der gewerkschaftlichen Erstberatung, Grundlagen zum K\u00fcndigungsschutz oder Grundlagen von Pressearbeit. Den Samstagabend lie\u00df man nach einer Kurzfilmvorstellung mit anschlie\u00dfender Diskussionsrunde mit <a href=\"http:\/\/www.labournet.tv\">labournet.tv<\/a> und vielen guten Gespr\u00e4chen bis tief in die Nacht, ausklingen.<br><br>Am zweiten WorkshopTag besuchten unsere Mitglieder unter anderem Schulungen zur Moderation von Treffen, Struktur und Arbeitsweisen von Syndikaten sowie zur Vertretung in arbeitsgerichtlichen G\u00fcteverhandlungen. Den Sonntag rundete ein Vortrag zu Gewerkschaftsarbeit und Streikrecht in Polen ab, welcher von einer Genossin der polnischen <a href=\"https:\/\/www.ozzip.pl\/\">Basisgewerkschaft Inicjatywa Pracownicza (IP<\/a>), gehalten wurde.<br>Am Montag Mittag, nach einem letzten Workshop zum Thema Zutrittsrecht im Betrieb, ging es wieder zur\u00fcck nach Aschaffenburg. <br><br>Wir freuen uns dass vier Mitglieder sehr viel neues Wissen und Ideen erlangen konnten, die sie innerhalb des Syndikats Aschaffenburg weitergeben werden. Auch in 2024 werden wieder Delegierte aus Aschaffenburg an der Sommerschule teilnehmen.<br><br>Ein gro\u00dfer Dank geht raus an die \u201eAG Sommerschule\u201c, die f\u00fcr die Vorbereitung und Durchf\u00fchrung verantwortlich ist, sowie an alle Referent*innen!<\/p>\n\n\n\n<figure class=\"wp-block-image size-large\"><img loading=\"lazy\" decoding=\"async\" width=\"1024\" height=\"644\" src=\"https:\/\/aschaffenburg.fau.org\/wp-content\/uploads\/2023\/09\/1000006376-1024x644.jpg\" alt=\"\" class=\"wp-image-406\" srcset=\"https:\/\/aschaffenburg.fau.org\/wp-content\/uploads\/2023\/09\/1000006376-1024x644.jpg 1024w, https:\/\/aschaffenburg.fau.org\/wp-content\/uploads\/2023\/09\/1000006376-300x189.jpg 300w, https:\/\/aschaffenburg.fau.org\/wp-content\/uploads\/2023\/09\/1000006376-768x483.jpg 768w, https:\/\/aschaffenburg.fau.org\/wp-content\/uploads\/2023\/09\/1000006376-557x350.jpg 557w, https:\/\/aschaffenburg.fau.org\/wp-content\/uploads\/2023\/09\/1000006376-150x94.jpg 150w, https:\/\/aschaffenburg.fau.org\/wp-content\/uploads\/2023\/09\/1000006376.jpg 1080w\" sizes=\"auto, (max-width: 1024px) 100vw, 1024px\" \/><\/figure>\n","protected":false},"excerpt":{"rendered":"<p>Die j\u00e4hrliche FAU-Sommerschule in Hannover war, wie schon die Jahre zuvor, gro\u00dfartig. Vier Mitglieder der FAU Aschaffenburg konnten 2023 daran teilnehmen. Es kamen \u00fcber 100 Genoss*innen aus 25 St\u00e4dten zusammen. Nach einer kurzen Begr\u00fc\u00dfungsrunde am Freitag Abend, startete man am Samstagmorgen in ein dreit\u00e4giges Workshop-Programm. Besucht wurden unterschiedlichste Workshops zu&#8230; <a class=\"continue-reading-link\" href=\"https:\/\/aschaffenburg.fau.org\/?p=405\">Continue reading<\/a><\/p>\n","protected":false},"author":1,"featured_media":0,"comment_status":"closed","ping_status":"open","sticky":false,"template":"","format":"standard","meta":{"footnotes":""},"categories":[5],"tags":[10,11,13,69],"class_list":["post-405","post","type-post","status-publish","format-standard","hentry","category-aktuell","tag-arbeitsrecht","tag-bildung","tag-organizing","tag-sommerschule"],"_links":{"self":[{"href":"https:\/\/aschaffenburg.fau.org\/index.php?rest_route=\/wp\/v2\/posts\/405","targetHints":{"allow":["GET"]}}],"collection":[{"href":"https:\/\/aschaffenburg.fau.org\/index.php?rest_route=\/wp\/v2\/posts"}],"about":[{"href":"https:\/\/aschaffenburg.fau.org\/index.php?rest_route=\/wp\/v2\/types\/post"}],"author":[{"embeddable":true,"href":"https:\/\/aschaffenburg.fau.org\/index.php?rest_route=\/wp\/v2\/users\/1"}],"replies":[{"embeddable":true,"href":"https:\/\/aschaffenburg.fau.org\/index.php?rest_route=%2Fwp%2Fv2%2Fcomments&post=405"}],"version-history":[{"count":7,"href":"https:\/\/aschaffenburg.fau.org\/index.php?rest_route=\/wp\/v2\/posts\/405\/revisions"}],"predecessor-version":[{"id":414,"href":"https:\/\/aschaffenburg.fau.org\/index.php?rest_route=\/wp\/v2\/posts\/405\/revisions\/414"}],"wp:attachment":[{"href":"https:\/\/aschaffenburg.fau.org\/index.php?rest_route=%2Fwp%2Fv2%2Fmedia&parent=405"}],"wp:term":[{"taxonomy":"category","embeddable":true,"href":"https:\/\/aschaffenburg.fau.org\/index.php?rest_route=%2Fwp%2Fv2%2Fcategories&post=405"},{"taxonomy":"post_tag","embeddable":true,"href":"https:\/\/aschaffenburg.fau.org\/index.php?rest_route=%2Fwp%2Fv2%2Ftags&post=405"}],"curies":[{"name":"wp","href":"https:\/\/api.w.org\/{rel}","templated":true}]}}