{"id":527,"date":"2024-04-13T15:47:17","date_gmt":"2024-04-13T13:47:17","guid":{"rendered":"https:\/\/aschaffenburg.fau.org\/?p=527"},"modified":"2025-12-15T11:33:52","modified_gmt":"2025-12-15T10:33:52","slug":"neue-broschueren-und-buecher-im-buero-verfuegbar","status":"publish","type":"post","link":"https:\/\/aschaffenburg.fau.org\/?p=527","title":{"rendered":"Neue Brosch\u00fcren und B\u00fccher im B\u00fcro verf\u00fcgbar"},"content":{"rendered":"<div class=\"wp-block-image\">\n<figure class=\"alignleft size-full is-resized\"><img loading=\"lazy\" decoding=\"async\" width=\"295\" height=\"236\" src=\"https:\/\/aschaffenburg.fau.org\/wp-content\/uploads\/2024\/04\/broschuere.jpg\" alt=\"\" class=\"wp-image-529\" style=\"width:220px;height:auto\" srcset=\"https:\/\/aschaffenburg.fau.org\/wp-content\/uploads\/2024\/04\/broschuere.jpg 295w, https:\/\/aschaffenburg.fau.org\/wp-content\/uploads\/2024\/04\/broschuere-150x120.jpg 150w\" sizes=\"auto, (max-width: 295px) 100vw, 295px\" \/><\/figure>\n<\/div>\n\n\n<p>Vor kurzem ist die aktualisierte FAU-Brosch\u00fcre &#8222;Deine Rechte im Job&#8220; erschienen. In dieser geht es u.a. um grundlegende Arbeitsrechte wie bezahlten Urlaub, Mindestlohn und Lohnfortzahlung im Krankheitsfall.<\/p>\n\n\n\n<p>Die Brosch\u00fcre gibt es <a href=\"https:\/\/aschaffenburg.fau.org\/wp-content\/uploads\/2024\/04\/Rechte_im_Job_Februar_2024.pdf\" data-type=\"link\" data-id=\"https:\/\/aschaffenburg.fau.org\/wp-content\/uploads\/2024\/04\/Rechte_im_Job_Februar_2024.pdf\">hier zum Download<\/a> oder in gedruckter Form &#8211; wie auch unser neues Faltblatt zum Thema Mini-Job &#8211; im <a href=\"https:\/\/aschaffenburg.fau.org\/?p=507\" data-type=\"link\" data-id=\"https:\/\/aschaffenburg.fau.org\/?p=507\">FAU-B\u00fcro<\/a>.<\/p>\n\n\n\n<p>Dar\u00fcber hinaus haben wir ein paar Neuzug\u00e4nge in unserem Buchverleih. Diese sind:<\/p>\n\n\n\n<p><strong>KlassenLos \u2013 Sozialer Widerstand von Hartz IV bis zu den Teuerungsprotesten<\/strong> <a href=\"https:\/\/diebuchmacherei.de\/produkt\/klassenlos-sozialer-widerstand-von-hartz-iv-bis-zu-den-teuerungsprotesten\/\">(Link zur Verlagsseite)<\/a><\/p>\n\n\n\n<p><strong>Spuren der Solidarit\u00e4t &#8211; Betriebliche Organisierung am Beispiel der Industrial Workers of the World (IWW<\/strong>) <a href=\"https:\/\/diebuchmacherei.de\/produkt\/spuren-der-solidaritaet\/\" data-type=\"link\" data-id=\"https:\/\/diebuchmacherei.de\/produkt\/spuren-der-solidaritaet\/\">(Link zur Verlagsseite)<\/a><\/p>\n\n\n\n<p><strong>Nationalismus und Kultur<\/strong> <a href=\"https:\/\/www.syndikat-a.de\/DAS-ALLGEMEINE-BUCHSORTIMENT\/Anarcho-Syndikalismus\/B170-Rudolf-Rocker-Nationalismus-und-Kultur::40814.html\" data-type=\"link\" data-id=\"https:\/\/www.syndikat-a.de\/DAS-ALLGEMEINE-BUCHSORTIMENT\/Anarcho-Syndikalismus\/B170-Rudolf-Rocker-Nationalismus-und-Kultur::40814.html\">(Link zur Verlagsseite)<\/a><\/p>\n\n\n\n<p><strong>Tsveyfl Nr. 4 Anartsch\u00fcssmus<\/strong> <a href=\"https:\/\/www.syndikat-a.de\/DAS-ALLGEMEINE-BUCHSORTIMENT\/Edition-Tsveyfl\/Tsveyfl-Nr-4-Anartschuessmus::41244.html\" data-type=\"link\" data-id=\"https:\/\/www.syndikat-a.de\/DAS-ALLGEMEINE-BUCHSORTIMENT\/Edition-Tsveyfl\/Tsveyfl-Nr-4-Anartschuessmus::41244.html\">(Link zur Verlagsseite)<\/a><\/p>\n\n\n\n<p>Diese und weitere B\u00fccher zu Themen wie Gewerkschaftsarbeit, Arbeitsrecht, Syndikalismus, Anarchismus, uvm. stehen f\u00fcr Mitglieder im FAU-B\u00fcro kostenfrei zum Verleih zur Verf\u00fcgung. <\/p>\n","protected":false},"excerpt":{"rendered":"<p>Vor kurzem ist die aktualisierte FAU-Brosch\u00fcre &#8222;Deine Rechte im Job&#8220; erschienen. In dieser geht es u.a. um grundlegende Arbeitsrechte wie bezahlten Urlaub, Mindestlohn und Lohnfortzahlung im Krankheitsfall. Die Brosch\u00fcre gibt es hier zum Download oder in gedruckter Form &#8211; wie auch unser neues Faltblatt zum Thema Mini-Job &#8211; im FAU-B\u00fcro&#8230;. <a class=\"continue-reading-link\" href=\"https:\/\/aschaffenburg.fau.org\/?p=527\">Continue reading<\/a><\/p>\n","protected":false},"author":1,"featured_media":0,"comment_status":"closed","ping_status":"open","sticky":false,"template":"","format":"standard","meta":{"footnotes":""},"categories":[5],"tags":[20,10,11,92,93,8,71],"class_list":["post-527","post","type-post","status-publish","format-standard","hentry","category-aktuell","tag-anarchismus","tag-arbeitsrecht","tag-bildung","tag-buchverleih","tag-literatur","tag-syndikalismus","tag-theorie"],"_links":{"self":[{"href":"https:\/\/aschaffenburg.fau.org\/index.php?rest_route=\/wp\/v2\/posts\/527","targetHints":{"allow":["GET"]}}],"collection":[{"href":"https:\/\/aschaffenburg.fau.org\/index.php?rest_route=\/wp\/v2\/posts"}],"about":[{"href":"https:\/\/aschaffenburg.fau.org\/index.php?rest_route=\/wp\/v2\/types\/post"}],"author":[{"embeddable":true,"href":"https:\/\/aschaffenburg.fau.org\/index.php?rest_route=\/wp\/v2\/users\/1"}],"replies":[{"embeddable":true,"href":"https:\/\/aschaffenburg.fau.org\/index.php?rest_route=%2Fwp%2Fv2%2Fcomments&post=527"}],"version-history":[{"count":5,"href":"https:\/\/aschaffenburg.fau.org\/index.php?rest_route=\/wp\/v2\/posts\/527\/revisions"}],"predecessor-version":[{"id":538,"href":"https:\/\/aschaffenburg.fau.org\/index.php?rest_route=\/wp\/v2\/posts\/527\/revisions\/538"}],"wp:attachment":[{"href":"https:\/\/aschaffenburg.fau.org\/index.php?rest_route=%2Fwp%2Fv2%2Fmedia&parent=527"}],"wp:term":[{"taxonomy":"category","embeddable":true,"href":"https:\/\/aschaffenburg.fau.org\/index.php?rest_route=%2Fwp%2Fv2%2Fcategories&post=527"},{"taxonomy":"post_tag","embeddable":true,"href":"https:\/\/aschaffenburg.fau.org\/index.php?rest_route=%2Fwp%2Fv2%2Ftags&post=527"}],"curies":[{"name":"wp","href":"https:\/\/api.w.org\/{rel}","templated":true}]}}