{"id":551,"date":"2024-04-15T08:12:23","date_gmt":"2024-04-15T06:12:23","guid":{"rendered":"https:\/\/aschaffenburg.fau.org\/?p=551"},"modified":"2024-04-15T08:13:36","modified_gmt":"2024-04-15T06:13:36","slug":"der-erste-mai-mit-der-fau-aschaffenburg","status":"publish","type":"post","link":"https:\/\/aschaffenburg.fau.org\/?p=551","title":{"rendered":"Der 1. Mai mit der FAU Aschaffenburg"},"content":{"rendered":"<div class=\"wp-block-image\">\n<figure class=\"alignleft size-medium\"><img loading=\"lazy\" decoding=\"async\" width=\"212\" height=\"300\" src=\"https:\/\/aschaffenburg.fau.org\/wp-content\/uploads\/2024\/04\/FAU-AB-1.-Mai-2024-212x300.jpeg\" alt=\"\" class=\"wp-image-540\" srcset=\"https:\/\/aschaffenburg.fau.org\/wp-content\/uploads\/2024\/04\/FAU-AB-1.-Mai-2024-212x300.jpeg 212w, https:\/\/aschaffenburg.fau.org\/wp-content\/uploads\/2024\/04\/FAU-AB-1.-Mai-2024-724x1024.jpeg 724w, https:\/\/aschaffenburg.fau.org\/wp-content\/uploads\/2024\/04\/FAU-AB-1.-Mai-2024-768x1086.jpeg 768w, https:\/\/aschaffenburg.fau.org\/wp-content\/uploads\/2024\/04\/FAU-AB-1.-Mai-2024-248x350.jpeg 248w, https:\/\/aschaffenburg.fau.org\/wp-content\/uploads\/2024\/04\/FAU-AB-1.-Mai-2024-106x150.jpeg 106w, https:\/\/aschaffenburg.fau.org\/wp-content\/uploads\/2024\/04\/FAU-AB-1.-Mai-2024.jpeg 990w\" sizes=\"auto, (max-width: 212px) 100vw, 212px\" \/><\/figure>\n<\/div>\n\n\n<p>Wir wollen mehr vom Leben: F\u00fcr radikale Arbeitszeitverk\u00fcrzung bei vollem Lohnausgleich!<\/p>\n\n\n\n<p>Der 1. Mai ist seit langem fester Bestandteil im Kalender der internationalen Arbeiter:innenbewegung. Seine Wurzeln reichen bis ins 19. Jahrhundert zur\u00fcck, als es zu K\u00e4mpfen f\u00fcr die Einf\u00fchrung des 8-Stunden Tags kam, in deren Folge sieben Anarchisten zum Tode verurteilt wurden.<\/p>\n\n\n\n<p><em>\u201eMan kann nicht ewig wie ein St\u00fcck Vieh leben!\u201c<\/em> sagte einer der Verurteilten, August Spie\u00df, am Abend des 1. Mai 1886 auf einer Versammlung.<\/p>\n\n\n\n<p>Mit diesen Worten brachte er auf den Punkt, worum es damals wie heute ging: Um das Absch\u00fctteln des kapitalistischen Jochs, das uns auf die Rolle von ewigen Lohnsklav:innen degradiert.<\/p>\n\n\n\n<p>Der 1. Mai steht also nicht nur in der Tradition tagesaktueller K\u00e4mpfe f\u00fcr bessere Arbeits- und Lebensbedingungen. Er steht auch f\u00fcr ein Begehren nach einem Leben in Freiheit, Wohlstand und W\u00fcrde f\u00fcr alle.<\/p>\n\n\n\n<p>Daran kn\u00fcpfen wir an, wenn wir heute sagen: wir wollen mehr vom Leben &#8211; f\u00fcr radikale Arbeitsverk\u00fcrzung bei vollem Lohnausgleich!<\/p>\n\n\n\n<p>Beteiligt euch an der Gewerkschaftsdemo und verbringt mit uns danach eine gute Zeit bei unserem Come Together im Caf\u00e8 Kr\u00e8m.<\/p>\n\n\n\n<p>F\u00fcr Getr\u00e4nke, Verpflegung, Musik und Information ist gesorgt.<\/p>\n\n\n\n<p><strong>Der 1. Mai mit der FAU Aschaffenburg:<\/strong><\/p>\n\n\n\n<p><strong>Beteiligung an der Demonstration des DGB<\/strong><br>Wir fordern radikale Arbeitszeitverk\u00fcrzung bei vollem Lohnausgleich<br><strong>10 Uhr:<\/strong> Start am Lindewerk 1 in der Schweinheimer Str.<\/p>\n\n\n\n<p><strong>FAU Come Together<br><\/strong>Getr\u00e4nke, Verpflegung, Musik und Infostand<strong><br>12 bis 18 Uhr: <\/strong>Caf\u00e9 Kr\u00e9m, Riesengasse 10<\/p>\n\n\n\n<p><strong>*** <em>bei passendem Wetter im Au\u00dfenbereich<\/em> ***<\/strong><\/p>\n","protected":false},"excerpt":{"rendered":"<p>Wir wollen mehr vom Leben: F\u00fcr radikale Arbeitszeitverk\u00fcrzung bei vollem Lohnausgleich! Der 1. Mai ist seit langem fester Bestandteil im Kalender der internationalen Arbeiter:innenbewegung. Seine Wurzeln reichen bis ins 19. Jahrhundert zur\u00fcck, als es zu K\u00e4mpfen f\u00fcr die Einf\u00fchrung des 8-Stunden Tags kam, in deren Folge sieben Anarchisten zum Tode&#8230; <a class=\"continue-reading-link\" href=\"https:\/\/aschaffenburg.fau.org\/?p=551\">Continue reading<\/a><\/p>\n","protected":false},"author":1,"featured_media":0,"comment_status":"closed","ping_status":"open","sticky":false,"template":"","format":"standard","meta":{"footnotes":""},"categories":[5],"tags":[26,17],"class_list":["post-551","post","type-post","status-publish","format-standard","hentry","category-aktuell","tag-1-mai","tag-basisgewerkschaft"],"_links":{"self":[{"href":"https:\/\/aschaffenburg.fau.org\/index.php?rest_route=\/wp\/v2\/posts\/551","targetHints":{"allow":["GET"]}}],"collection":[{"href":"https:\/\/aschaffenburg.fau.org\/index.php?rest_route=\/wp\/v2\/posts"}],"about":[{"href":"https:\/\/aschaffenburg.fau.org\/index.php?rest_route=\/wp\/v2\/types\/post"}],"author":[{"embeddable":true,"href":"https:\/\/aschaffenburg.fau.org\/index.php?rest_route=\/wp\/v2\/users\/1"}],"replies":[{"embeddable":true,"href":"https:\/\/aschaffenburg.fau.org\/index.php?rest_route=%2Fwp%2Fv2%2Fcomments&post=551"}],"version-history":[{"count":2,"href":"https:\/\/aschaffenburg.fau.org\/index.php?rest_route=\/wp\/v2\/posts\/551\/revisions"}],"predecessor-version":[{"id":553,"href":"https:\/\/aschaffenburg.fau.org\/index.php?rest_route=\/wp\/v2\/posts\/551\/revisions\/553"}],"wp:attachment":[{"href":"https:\/\/aschaffenburg.fau.org\/index.php?rest_route=%2Fwp%2Fv2%2Fmedia&parent=551"}],"wp:term":[{"taxonomy":"category","embeddable":true,"href":"https:\/\/aschaffenburg.fau.org\/index.php?rest_route=%2Fwp%2Fv2%2Fcategories&post=551"},{"taxonomy":"post_tag","embeddable":true,"href":"https:\/\/aschaffenburg.fau.org\/index.php?rest_route=%2Fwp%2Fv2%2Ftags&post=551"}],"curies":[{"name":"wp","href":"https:\/\/api.w.org\/{rel}","templated":true}]}}