{"id":597,"date":"2024-07-29T16:57:45","date_gmt":"2024-07-29T14:57:45","guid":{"rendered":"https:\/\/aschaffenburg.fau.org\/?p=597"},"modified":"2024-07-29T16:58:34","modified_gmt":"2024-07-29T14:58:34","slug":"kurznews","status":"publish","type":"post","link":"https:\/\/aschaffenburg.fau.org\/?p=597","title":{"rendered":"News im Juli"},"content":{"rendered":"\n<p><strong>+++ <\/strong>Unsere neuen Faltbl\u00e4tter \u201eMini-Job\u201c &#8211; kenne deine Rechte!\u201c und \u201eProbleme Bei der Arbeit? Gewerkschaftliche Erstberatung\u201c sind aus dem Druck und ab sofort in unserem B\u00fcro erh\u00e4ltlich. Beide Versionen stehen <a href=\"https:\/\/aschaffenburg.fau.org\/?page_id=591\">hier auch zum Download<\/a> bereit <strong>+++<\/strong> Am 13. Juli gab es wieder einmal einen Syndikatsausflug. Rund 20 Mitglieder beteiligten sich an einem Spaziergang im Spessart mit anschlie\u00dfendem Grillen und feucht-fr\u00f6hlichen Ausklang. Sch\u00f6n war`s! <strong>+++<\/strong> Am 24. Juli fand unsere dritte Vollversammlung des Jahres statt. Neben dem \u00fcblichen Berichtswesen stand die Verabschiedung unserer tarifpolitischen Richtlinien und der Austausch \u00fcber die weitere Entwicklung der FAU Aschaffenburg auf der Tagesordnung. In diesem Rahmen wurden Ideen f\u00fcr das zweite Halbjahr 2024 ausgearbeitet, welche u.a. weitere arbeitsrechtliche Schulungen vorsehen. Dar\u00fcber hinaus sind weitere inhaltliche Veranstaltungen in Planung. <strong>+++<\/strong> Im August werden wieder einige Mitglieder an der FAU-Sommerschule in Hannover teilnehmen und auf dem <a href=\"https:\/\/www.kommz.de\/\">Kommz <\/a>werden wir an einem Infostand vertreten sein. Urlaubsbedingt wird es im kommenden Monat kein A&amp;O-Treffen geben. Das n\u00e4chste findet am <a href=\"https:\/\/aschaffenburg.fau.org\/?tribe_events=ao-treffen-10\">16. September<\/a> statt. <strong>+++<\/strong><\/p>\n\n\n\n<p><\/p>\n","protected":false},"excerpt":{"rendered":"<p>+++ Unsere neuen Faltbl\u00e4tter \u201eMini-Job\u201c &#8211; kenne deine Rechte!\u201c und \u201eProbleme Bei der Arbeit? Gewerkschaftliche Erstberatung\u201c sind aus dem Druck und ab sofort in unserem B\u00fcro erh\u00e4ltlich. Beide Versionen stehen hier auch zum Download bereit +++ Am 13. Juli gab es wieder einmal einen Syndikatsausflug. Rund 20 Mitglieder beteiligten sich&#8230; <a class=\"continue-reading-link\" href=\"https:\/\/aschaffenburg.fau.org\/?p=597\">Continue reading<\/a><\/p>\n","protected":false},"author":1,"featured_media":0,"comment_status":"closed","ping_status":"open","sticky":false,"template":"","format":"standard","meta":{"footnotes":""},"categories":[5],"tags":[12,17,7],"class_list":["post-597","post","type-post","status-publish","format-standard","hentry","category-aktuell","tag-ao-treffen","tag-basisgewerkschaft","tag-vollversammlung"],"_links":{"self":[{"href":"https:\/\/aschaffenburg.fau.org\/index.php?rest_route=\/wp\/v2\/posts\/597","targetHints":{"allow":["GET"]}}],"collection":[{"href":"https:\/\/aschaffenburg.fau.org\/index.php?rest_route=\/wp\/v2\/posts"}],"about":[{"href":"https:\/\/aschaffenburg.fau.org\/index.php?rest_route=\/wp\/v2\/types\/post"}],"author":[{"embeddable":true,"href":"https:\/\/aschaffenburg.fau.org\/index.php?rest_route=\/wp\/v2\/users\/1"}],"replies":[{"embeddable":true,"href":"https:\/\/aschaffenburg.fau.org\/index.php?rest_route=%2Fwp%2Fv2%2Fcomments&post=597"}],"version-history":[{"count":2,"href":"https:\/\/aschaffenburg.fau.org\/index.php?rest_route=\/wp\/v2\/posts\/597\/revisions"}],"predecessor-version":[{"id":599,"href":"https:\/\/aschaffenburg.fau.org\/index.php?rest_route=\/wp\/v2\/posts\/597\/revisions\/599"}],"wp:attachment":[{"href":"https:\/\/aschaffenburg.fau.org\/index.php?rest_route=%2Fwp%2Fv2%2Fmedia&parent=597"}],"wp:term":[{"taxonomy":"category","embeddable":true,"href":"https:\/\/aschaffenburg.fau.org\/index.php?rest_route=%2Fwp%2Fv2%2Fcategories&post=597"},{"taxonomy":"post_tag","embeddable":true,"href":"https:\/\/aschaffenburg.fau.org\/index.php?rest_route=%2Fwp%2Fv2%2Ftags&post=597"}],"curies":[{"name":"wp","href":"https:\/\/api.w.org\/{rel}","templated":true}]}}