{"id":686,"date":"2024-11-26T08:44:59","date_gmt":"2024-11-26T07:44:59","guid":{"rendered":"https:\/\/aschaffenburg.fau.org\/?p=686"},"modified":"2024-11-26T08:44:59","modified_gmt":"2024-11-26T07:44:59","slug":"lese-und-diskussionsnachmittag-am-14-12-24","status":"publish","type":"post","link":"https:\/\/aschaffenburg.fau.org\/?p=686","title":{"rendered":"Lese- und Diskussionsnachmittag am 14.12.24"},"content":{"rendered":"<div class=\"wp-block-image\">\n<figure class=\"alignleft size-medium\"><img loading=\"lazy\" decoding=\"async\" width=\"300\" height=\"300\" src=\"https:\/\/aschaffenburg.fau.org\/wp-content\/uploads\/2024\/11\/Warum-wir-den-Kapitalismus-ueberwinden-muessen-300x300.png\" alt=\"\" class=\"wp-image-687\" srcset=\"https:\/\/aschaffenburg.fau.org\/wp-content\/uploads\/2024\/11\/Warum-wir-den-Kapitalismus-ueberwinden-muessen-300x300.png 300w, https:\/\/aschaffenburg.fau.org\/wp-content\/uploads\/2024\/11\/Warum-wir-den-Kapitalismus-ueberwinden-muessen-1024x1024.png 1024w, https:\/\/aschaffenburg.fau.org\/wp-content\/uploads\/2024\/11\/Warum-wir-den-Kapitalismus-ueberwinden-muessen-150x150.png 150w, https:\/\/aschaffenburg.fau.org\/wp-content\/uploads\/2024\/11\/Warum-wir-den-Kapitalismus-ueberwinden-muessen-768x768.png 768w, https:\/\/aschaffenburg.fau.org\/wp-content\/uploads\/2024\/11\/Warum-wir-den-Kapitalismus-ueberwinden-muessen-350x350.png 350w, https:\/\/aschaffenburg.fau.org\/wp-content\/uploads\/2024\/11\/Warum-wir-den-Kapitalismus-ueberwinden-muessen.png 1080w\" sizes=\"auto, (max-width: 300px) 100vw, 300px\" \/><\/figure>\n<\/div>\n\n\n<p><strong>Warum wir den Kapitalismus \u00fcberwinden m\u00fcssen \u2013 und was die FAU dazu beitragen kann<\/strong><\/p>\n\n\n\n<p>Im September 2024 erschien die von der Rosa-Luxemburg-Stiftung herausgegebene Brosch\u00fcre \u201eWas ist Sozialismus heute? Warum wir den Kapitalismus \u00fcberwinden m\u00fcssen\u201c.<\/p>\n\n\n\n<p>Die beiden Autoren Bernd Riexinger und Raul Zelik beabsichtigen mit dem Text eine Diskussion anzuregen. Denn sie seien davon \u00fcberzeugt, dass n\u00e4her beschrieben und benannt werden m\u00fcsse, wie eine Alternative zum Kapitalismus aussehen k\u00f6nnte, wenn antikapitalistische Kr\u00e4fte wieder an Relevanz gewinnen und in die Offensive kommen wollen.<\/p>\n\n\n\n<p>Die Autoren versuchen in verst\u00e4ndlicher Sprache zu erkl\u00e4ren, was unter Sozialismus heute verstanden werden kann und was sozialistische Antworten auf die zentralen Konflikte im heutigen Kapitalismus sein k\u00f6nnten.<\/p>\n\n\n\n<p>Die in der Brosch\u00fcre angerissenen Gedanken weisen, trotz einiger Differenzen, auch starke \u00dcberschneidungen zu anarchosyndikalistischer Theorie auf.<\/p>\n\n\n\n<p>Wir wollen uns deshalb die Zeit nehmen um die Brosch\u00fcre gemeinsam zu lesen und uns nach den einzelnen Kapiteln die Frage stellen, wie eine anarchosyndikalistische Position zum jeweils angerissenen Thema aussehen k\u00f6nnte.<\/p>\n\n\n\n<p>Ziel ist ein gemeinsames Verst\u00e4ndnis \u00fcber unsere Gewerkschaftsbewegung und deren revolution\u00e4ren Fernziele zu entwickeln. Die Veranstaltung richtet sich somit besonders auch an Neumitglieder, welche sich bislang nicht oder nur wenig mit Anarchosyndikalismus besch\u00e4ftigt haben.<\/p>\n\n\n\n<p>Als Format ist ein vierst\u00fcndiges Treffen angedacht, in denen sich Lese- und Diskussionsphasen abwechseln. Zwischendurch werden wir uns mit Kaffee, Tee und Kuchen st\u00e4rken. Wie weit wir an diesem Tag mit der Brosch\u00fcre kommen, werden wir sehen. Gegebenenfalls wird es ein Folgetreffen zum Weiterarbeiten geben.<\/p>\n\n\n\n<p><strong>Um ausreichend Brosch\u00fcren und Verpflegung vorbereiten zu k\u00f6nnen, bitten wir um Anmeldung an fauab-kontakt@fau.org bis sp\u00e4testens 30. November<\/strong><\/p>\n","protected":false},"excerpt":{"rendered":"<p>Warum wir den Kapitalismus \u00fcberwinden m\u00fcssen \u2013 und was die FAU dazu beitragen kann Im September 2024 erschien die von der Rosa-Luxemburg-Stiftung herausgegebene Brosch\u00fcre \u201eWas ist Sozialismus heute? Warum wir den Kapitalismus \u00fcberwinden m\u00fcssen\u201c. Die beiden Autoren Bernd Riexinger und Raul Zelik beabsichtigen mit dem Text eine Diskussion anzuregen. Denn&#8230; <a class=\"continue-reading-link\" href=\"https:\/\/aschaffenburg.fau.org\/?p=686\">Continue reading<\/a><\/p>\n","protected":false},"author":1,"featured_media":0,"comment_status":"closed","ping_status":"open","sticky":false,"template":"","format":"standard","meta":{"footnotes":""},"categories":[5],"tags":[73,8,71],"class_list":["post-686","post","type-post","status-publish","format-standard","hentry","category-aktuell","tag-diskussion","tag-syndikalismus","tag-theorie"],"_links":{"self":[{"href":"https:\/\/aschaffenburg.fau.org\/index.php?rest_route=\/wp\/v2\/posts\/686","targetHints":{"allow":["GET"]}}],"collection":[{"href":"https:\/\/aschaffenburg.fau.org\/index.php?rest_route=\/wp\/v2\/posts"}],"about":[{"href":"https:\/\/aschaffenburg.fau.org\/index.php?rest_route=\/wp\/v2\/types\/post"}],"author":[{"embeddable":true,"href":"https:\/\/aschaffenburg.fau.org\/index.php?rest_route=\/wp\/v2\/users\/1"}],"replies":[{"embeddable":true,"href":"https:\/\/aschaffenburg.fau.org\/index.php?rest_route=%2Fwp%2Fv2%2Fcomments&post=686"}],"version-history":[{"count":1,"href":"https:\/\/aschaffenburg.fau.org\/index.php?rest_route=\/wp\/v2\/posts\/686\/revisions"}],"predecessor-version":[{"id":688,"href":"https:\/\/aschaffenburg.fau.org\/index.php?rest_route=\/wp\/v2\/posts\/686\/revisions\/688"}],"wp:attachment":[{"href":"https:\/\/aschaffenburg.fau.org\/index.php?rest_route=%2Fwp%2Fv2%2Fmedia&parent=686"}],"wp:term":[{"taxonomy":"category","embeddable":true,"href":"https:\/\/aschaffenburg.fau.org\/index.php?rest_route=%2Fwp%2Fv2%2Fcategories&post=686"},{"taxonomy":"post_tag","embeddable":true,"href":"https:\/\/aschaffenburg.fau.org\/index.php?rest_route=%2Fwp%2Fv2%2Ftags&post=686"}],"curies":[{"name":"wp","href":"https:\/\/api.w.org\/{rel}","templated":true}]}}