{"id":711,"date":"2025-01-13T13:24:37","date_gmt":"2025-01-13T12:24:37","guid":{"rendered":"https:\/\/aschaffenburg.fau.org\/?p=711"},"modified":"2025-01-13T13:27:37","modified_gmt":"2025-01-13T12:27:37","slug":"jahreshauptversammlung-am-25-01-25","status":"publish","type":"post","link":"https:\/\/aschaffenburg.fau.org\/?p=711","title":{"rendered":"Jahreshauptversammlung am 25.01.25"},"content":{"rendered":"<div class=\"wp-block-image\">\n<figure class=\"alignleft size-medium\"><img loading=\"lazy\" decoding=\"async\" width=\"212\" height=\"300\" src=\"https:\/\/aschaffenburg.fau.org\/wp-content\/uploads\/2025\/01\/JHV-25.01.20251-212x300.png\" alt=\"\" class=\"wp-image-712\" srcset=\"https:\/\/aschaffenburg.fau.org\/wp-content\/uploads\/2025\/01\/JHV-25.01.20251-212x300.png 212w, https:\/\/aschaffenburg.fau.org\/wp-content\/uploads\/2025\/01\/JHV-25.01.20251-724x1024.png 724w, https:\/\/aschaffenburg.fau.org\/wp-content\/uploads\/2025\/01\/JHV-25.01.20251-768x1086.png 768w, https:\/\/aschaffenburg.fau.org\/wp-content\/uploads\/2025\/01\/JHV-25.01.20251-1086x1536.png 1086w, https:\/\/aschaffenburg.fau.org\/wp-content\/uploads\/2025\/01\/JHV-25.01.20251-247x350.png 247w, https:\/\/aschaffenburg.fau.org\/wp-content\/uploads\/2025\/01\/JHV-25.01.20251-106x150.png 106w, https:\/\/aschaffenburg.fau.org\/wp-content\/uploads\/2025\/01\/JHV-25.01.20251.png 1414w\" sizes=\"auto, (max-width: 212px) 100vw, 212px\" \/><\/figure>\n<\/div>\n\n\n<p>Am Samstag den 25.01. findet unsere Jahreshauptversammlung statt.<\/p>\n\n\n\n<p>Bei dieser stehen neben dem \u00fcblichen Berichtswesen auch die Sekretariatswahlen auf der Tagesordnung. Des Weiteren gibt es einige Antr\u00e4ge zur Diskussion und Abstimmung, welche u.a. Vortrags- und Bildungsveranstaltungen f\u00fcr das neue Jahr beinhalten.<\/p>\n\n\n\n<p>Zu guter Letzt wird das noch amtierende Gesamtsekretariat seine Ideen f\u00fcr die weitere Entwicklung der FAU Aschaffenburg vor- und zur Diskussion stellen.<\/p>\n\n\n\n<p>Alle Mitglieder finden die vollst\u00e4ndige Einladung mit allen Anh\u00e4ngen im Mitglieder-Channel.<\/p>\n\n\n\n<p>Wir freuen uns auf einen ergebnisreichen Jahresauftakt!<\/p>\n\n\n\n<p><\/p>\n","protected":false},"excerpt":{"rendered":"<p>Am Samstag den 25.01. findet unsere Jahreshauptversammlung statt. Bei dieser stehen neben dem \u00fcblichen Berichtswesen auch die Sekretariatswahlen auf der Tagesordnung. Des Weiteren gibt es einige Antr\u00e4ge zur Diskussion und Abstimmung, welche u.a. Vortrags- und Bildungsveranstaltungen f\u00fcr das neue Jahr beinhalten. Zu guter Letzt wird das noch amtierende Gesamtsekretariat seine&#8230; <a class=\"continue-reading-link\" href=\"https:\/\/aschaffenburg.fau.org\/?p=711\">Continue reading<\/a><\/p>\n","protected":false},"author":1,"featured_media":0,"comment_status":"closed","ping_status":"open","sticky":false,"template":"","format":"standard","meta":{"footnotes":""},"categories":[5],"tags":[17,83,7],"class_list":["post-711","post","type-post","status-publish","format-standard","hentry","category-aktuell","tag-basisgewerkschaft","tag-jahreshauptversammlung","tag-vollversammlung"],"_links":{"self":[{"href":"https:\/\/aschaffenburg.fau.org\/index.php?rest_route=\/wp\/v2\/posts\/711","targetHints":{"allow":["GET"]}}],"collection":[{"href":"https:\/\/aschaffenburg.fau.org\/index.php?rest_route=\/wp\/v2\/posts"}],"about":[{"href":"https:\/\/aschaffenburg.fau.org\/index.php?rest_route=\/wp\/v2\/types\/post"}],"author":[{"embeddable":true,"href":"https:\/\/aschaffenburg.fau.org\/index.php?rest_route=\/wp\/v2\/users\/1"}],"replies":[{"embeddable":true,"href":"https:\/\/aschaffenburg.fau.org\/index.php?rest_route=%2Fwp%2Fv2%2Fcomments&post=711"}],"version-history":[{"count":3,"href":"https:\/\/aschaffenburg.fau.org\/index.php?rest_route=\/wp\/v2\/posts\/711\/revisions"}],"predecessor-version":[{"id":742,"href":"https:\/\/aschaffenburg.fau.org\/index.php?rest_route=\/wp\/v2\/posts\/711\/revisions\/742"}],"wp:attachment":[{"href":"https:\/\/aschaffenburg.fau.org\/index.php?rest_route=%2Fwp%2Fv2%2Fmedia&parent=711"}],"wp:term":[{"taxonomy":"category","embeddable":true,"href":"https:\/\/aschaffenburg.fau.org\/index.php?rest_route=%2Fwp%2Fv2%2Fcategories&post=711"},{"taxonomy":"post_tag","embeddable":true,"href":"https:\/\/aschaffenburg.fau.org\/index.php?rest_route=%2Fwp%2Fv2%2Ftags&post=711"}],"curies":[{"name":"wp","href":"https:\/\/api.w.org\/{rel}","templated":true}]}}