{"id":780,"date":"2025-03-03T21:08:52","date_gmt":"2025-03-03T20:08:52","guid":{"rendered":"https:\/\/aschaffenburg.fau.org\/?p=780"},"modified":"2025-03-03T21:09:21","modified_gmt":"2025-03-03T20:09:21","slug":"feministischer-maerz","status":"publish","type":"post","link":"https:\/\/aschaffenburg.fau.org\/?p=780","title":{"rendered":"Feministischer M\u00e4rz"},"content":{"rendered":"<div class=\"wp-block-image\">\n<figure class=\"alignleft size-medium\"><img loading=\"lazy\" decoding=\"async\" width=\"300\" height=\"300\" src=\"https:\/\/aschaffenburg.fau.org\/wp-content\/uploads\/2025\/03\/Heraus-zum-8.-Maerz1-300x300.png\" alt=\"\" class=\"wp-image-781\" srcset=\"https:\/\/aschaffenburg.fau.org\/wp-content\/uploads\/2025\/03\/Heraus-zum-8.-Maerz1-300x300.png 300w, https:\/\/aschaffenburg.fau.org\/wp-content\/uploads\/2025\/03\/Heraus-zum-8.-Maerz1-1024x1024.png 1024w, https:\/\/aschaffenburg.fau.org\/wp-content\/uploads\/2025\/03\/Heraus-zum-8.-Maerz1-150x150.png 150w, https:\/\/aschaffenburg.fau.org\/wp-content\/uploads\/2025\/03\/Heraus-zum-8.-Maerz1-768x768.png 768w, https:\/\/aschaffenburg.fau.org\/wp-content\/uploads\/2025\/03\/Heraus-zum-8.-Maerz1-350x350.png 350w, https:\/\/aschaffenburg.fau.org\/wp-content\/uploads\/2025\/03\/Heraus-zum-8.-Maerz1.png 1080w\" sizes=\"auto, (max-width: 300px) 100vw, 300px\" \/><\/figure>\n<\/div>\n\n\n<p>Die Gruppe \u201eFeministischer M\u00e4rz Aschaffenburg\u201c organisiert auch in diesem Jahr wieder eine Nachttanzdemo zum internationalen feministischen Kampftag am 08. M\u00e4rz.<\/p>\n\n\n\n<p>Wir unterst\u00fctzen die Mobilisierung und rufen zur Teilnahme auf.<\/p>\n\n\n\n<p>Dar\u00fcber hinaus zeigen wir zum Thema \u201eFeminismus und Gewerkschaft\u201c den Film <em><a href=\"https:\/\/aschaffenburg.fau.org\/?tribe_events=filmvorfuehrung-steht-auf-genossinnen\">Steht auf, Genossinnen!<\/a><\/em> am 31.03.<\/p>\n\n\n\n<p>Das komplette Programm zum feministischen M\u00e4rz findet sich unter: <a href=\"http:\/\/feministischermaerzaschaffenburg.wordpress.com\">feministischermaerzaschaffenburg.wordpress.com<\/a><\/p>\n\n\n\n<p><\/p>\n\n\n\n<p><\/p>\n\n\n\n<p><\/p>\n\n\n\n<p><\/p>\n\n\n\n<p><\/p>\n\n\n\n<p><\/p>\n\n\n\n<p><\/p>\n\n\n\n<p><\/p>\n\n\n\n<p><\/p>\n\n\n\n<p><\/p>\n\n\n\n<p><\/p>\n","protected":false},"excerpt":{"rendered":"<p>Die Gruppe \u201eFeministischer M\u00e4rz Aschaffenburg\u201c organisiert auch in diesem Jahr wieder eine Nachttanzdemo zum internationalen feministischen Kampftag am 08. M\u00e4rz. Wir unterst\u00fctzen die Mobilisierung und rufen zur Teilnahme auf. Dar\u00fcber hinaus zeigen wir zum Thema \u201eFeminismus und Gewerkschaft\u201c den Film Steht auf, Genossinnen! am 31.03. Das komplette Programm zum feministischen&#8230; <a class=\"continue-reading-link\" href=\"https:\/\/aschaffenburg.fau.org\/?p=780\">Continue reading<\/a><\/p>\n","protected":false},"author":1,"featured_media":0,"comment_status":"closed","ping_status":"open","sticky":false,"template":"","format":"standard","meta":{"footnotes":""},"categories":[5],"tags":[],"class_list":["post-780","post","type-post","status-publish","format-standard","hentry","category-aktuell"],"_links":{"self":[{"href":"https:\/\/aschaffenburg.fau.org\/index.php?rest_route=\/wp\/v2\/posts\/780","targetHints":{"allow":["GET"]}}],"collection":[{"href":"https:\/\/aschaffenburg.fau.org\/index.php?rest_route=\/wp\/v2\/posts"}],"about":[{"href":"https:\/\/aschaffenburg.fau.org\/index.php?rest_route=\/wp\/v2\/types\/post"}],"author":[{"embeddable":true,"href":"https:\/\/aschaffenburg.fau.org\/index.php?rest_route=\/wp\/v2\/users\/1"}],"replies":[{"embeddable":true,"href":"https:\/\/aschaffenburg.fau.org\/index.php?rest_route=%2Fwp%2Fv2%2Fcomments&post=780"}],"version-history":[{"count":1,"href":"https:\/\/aschaffenburg.fau.org\/index.php?rest_route=\/wp\/v2\/posts\/780\/revisions"}],"predecessor-version":[{"id":782,"href":"https:\/\/aschaffenburg.fau.org\/index.php?rest_route=\/wp\/v2\/posts\/780\/revisions\/782"}],"wp:attachment":[{"href":"https:\/\/aschaffenburg.fau.org\/index.php?rest_route=%2Fwp%2Fv2%2Fmedia&parent=780"}],"wp:term":[{"taxonomy":"category","embeddable":true,"href":"https:\/\/aschaffenburg.fau.org\/index.php?rest_route=%2Fwp%2Fv2%2Fcategories&post=780"},{"taxonomy":"post_tag","embeddable":true,"href":"https:\/\/aschaffenburg.fau.org\/index.php?rest_route=%2Fwp%2Fv2%2Ftags&post=780"}],"curies":[{"name":"wp","href":"https:\/\/api.w.org\/{rel}","templated":true}]}}