{"id":788,"date":"2025-03-28T13:28:44","date_gmt":"2025-03-28T12:28:44","guid":{"rendered":"https:\/\/aschaffenburg.fau.org\/?p=788"},"modified":"2025-11-10T15:22:08","modified_gmt":"2025-11-10T14:22:08","slug":"heraus-zum-01-mai-2025","status":"publish","type":"post","link":"https:\/\/aschaffenburg.fau.org\/?p=788","title":{"rendered":"Heraus zum 01. Mai 2025"},"content":{"rendered":"<div class=\"wp-block-image\">\n<figure class=\"alignleft size-medium\"><img loading=\"lazy\" decoding=\"async\" width=\"300\" height=\"300\" src=\"https:\/\/aschaffenburg.fau.org\/wp-content\/uploads\/2025\/03\/Pic-1-300x300.png\" alt=\"\" class=\"wp-image-789\" srcset=\"https:\/\/aschaffenburg.fau.org\/wp-content\/uploads\/2025\/03\/Pic-1-300x300.png 300w, https:\/\/aschaffenburg.fau.org\/wp-content\/uploads\/2025\/03\/Pic-1-1024x1024.png 1024w, https:\/\/aschaffenburg.fau.org\/wp-content\/uploads\/2025\/03\/Pic-1-150x150.png 150w, https:\/\/aschaffenburg.fau.org\/wp-content\/uploads\/2025\/03\/Pic-1-768x768.png 768w, https:\/\/aschaffenburg.fau.org\/wp-content\/uploads\/2025\/03\/Pic-1-350x350.png 350w, https:\/\/aschaffenburg.fau.org\/wp-content\/uploads\/2025\/03\/Pic-1.png 1080w\" sizes=\"auto, (max-width: 300px) 100vw, 300px\" \/><\/figure>\n<\/div>\n\n\n<p>&#8222;Organisation von unten gegen Angriffe von oben&#8220;<\/p>\n\n\n\n<p>Unter diesem Motto mobilisieren wir zum diesj\u00e4hrigen 1. Mai.<\/p>\n\n\n\n<p>Neben der Teilnahme an der traditionellen 1. Mai Demonstration des DGB, laden wir im Anschluss wieder zu einem 1. Mai-Fest ins Caf\u00e8 Kr\u00e8m.<\/p>\n\n\n\n<p><\/p>\n\n\n\n<p><\/p>\n\n\n\n<p><strong>Organisation von unten gegen Angriffe von oben<\/strong><\/p>\n\n\n\n<p>Arbeitsverdichtung, Leistungsdruck, Zwangsma\u00dfnahmen f\u00fcr Erwerbslose, Abschaffung von Feiertagen, Erh\u00f6hung der Wochenarbeitszeit und des Renteneintrittsalters: die Palette an geplanten und in Diskussion stehenden Ans\u00e4tzen zur intensiveren Ausbeutung unserer Arbeitskraft ist lang.<\/p>\n\n\n\n<p>Obwohl ein besseres und freieres Leben, mit weniger Arbeit und mehr Zeit f\u00fcr sich und andere, schon lange umsetzbar w\u00e4re, strampeln wir weiter als moderne Lohnsklav:innen in der Tretm\u00fchle.<\/p>\n\n\n\n<p>Doch den geplanten Angriffen von oben setzen wir die Organisation von unten entgegen, in dem wir uns in Basisgewerkschaften organisieren und in Betrieben verankern, um St\u00fcck f\u00fcr St\u00fcck Gegenmacht aufzubauen. Nicht nur mit dem Ziel, Angriffe abzuwehren, sondern auch um f\u00fcr bessere Arbeits- und Lebensbedingungen zu k\u00e4mpfen, und langfristig Lohnarbeit und Kapitalismus zu \u00fcberwinden.<\/p>\n\n\n\n<p>Dieser Ansatz gewerkschaftlicher Arbeit ist nicht neu, sondern zieht sich wie ein Faden durch die Geschichte der Arbeiter:innenbewegung. Diese Idee sozialrevolution\u00e4rer Gewerkschaften gilt es zu erneuern.<\/p>\n\n\n\n<p>Denn als Lohnabh\u00e4ngige verf\u00fcgen wir an unseren Arbeitspl\u00e4tzen noch immer \u00fcber die Macht, den reibungslosen Ablauf dieses ausbeuterischen Systems zu unterbrechen und dort einzugreifen, wo sich der Kapitalismus tagt\u00e4glich reproduziert. Und wir haben das Potential, eine neue Welt in der Schale der alten aufzubauen.<\/p>\n\n\n\n<p>Lasst uns den Kampf f\u00fcr eine bessere Welt, einem w\u00fcrdevollen Leben in einer freien und gleichen Gesellschaft auf die Stra\u00dfe tragen und zusammen feiern.<\/p>\n\n\n\n<p>Kommt deshalb mit uns auf die Gewerkschaftsdemo des DGB und besucht unser 1.-Mai-Fest im Caf\u00e8 Kr\u00e8m!<\/p>\n\n\n\n<figure class=\"wp-block-image size-large\"><img loading=\"lazy\" decoding=\"async\" width=\"1024\" height=\"724\" src=\"https:\/\/aschaffenburg.fau.org\/wp-content\/uploads\/2025\/03\/1.-Mai-Fest-1024x724.png\" alt=\"\" class=\"wp-image-794\" srcset=\"https:\/\/aschaffenburg.fau.org\/wp-content\/uploads\/2025\/03\/1.-Mai-Fest-1024x724.png 1024w, https:\/\/aschaffenburg.fau.org\/wp-content\/uploads\/2025\/03\/1.-Mai-Fest-300x212.png 300w, https:\/\/aschaffenburg.fau.org\/wp-content\/uploads\/2025\/03\/1.-Mai-Fest-768x543.png 768w, https:\/\/aschaffenburg.fau.org\/wp-content\/uploads\/2025\/03\/1.-Mai-Fest-1536x1086.png 1536w, https:\/\/aschaffenburg.fau.org\/wp-content\/uploads\/2025\/03\/1.-Mai-Fest-495x350.png 495w, https:\/\/aschaffenburg.fau.org\/wp-content\/uploads\/2025\/03\/1.-Mai-Fest-150x106.png 150w, https:\/\/aschaffenburg.fau.org\/wp-content\/uploads\/2025\/03\/1.-Mai-Fest.png 2000w\" sizes=\"auto, (max-width: 1024px) 100vw, 1024px\" \/><\/figure>\n\n\n\n<p><\/p>\n\n\n\n<p><\/p>\n\n\n\n<p><\/p>\n\n\n\n<p><\/p>\n\n\n\n<p><\/p>\n\n\n\n<p><\/p>\n\n\n\n<p><\/p>\n\n\n\n<p><\/p>\n\n\n\n<p><\/p>\n\n\n\n<p><\/p>\n","protected":false},"excerpt":{"rendered":"<p>&#8222;Organisation von unten gegen Angriffe von oben&#8220; Unter diesem Motto mobilisieren wir zum diesj\u00e4hrigen 1. Mai. Neben der Teilnahme an der traditionellen 1. Mai Demonstration des DGB, laden wir im Anschluss wieder zu einem 1. Mai-Fest ins Caf\u00e8 Kr\u00e8m. Organisation von unten gegen Angriffe von oben Arbeitsverdichtung, Leistungsdruck, Zwangsma\u00dfnahmen f\u00fcr&#8230; <a class=\"continue-reading-link\" href=\"https:\/\/aschaffenburg.fau.org\/?p=788\">Continue reading<\/a><\/p>\n","protected":false},"author":1,"featured_media":0,"comment_status":"closed","ping_status":"open","sticky":false,"template":"","format":"standard","meta":{"footnotes":""},"categories":[5],"tags":[26,80,17],"class_list":["post-788","post","type-post","status-publish","format-standard","hentry","category-aktuell","tag-1-mai","tag-arbeitskampf","tag-basisgewerkschaft"],"_links":{"self":[{"href":"https:\/\/aschaffenburg.fau.org\/index.php?rest_route=\/wp\/v2\/posts\/788","targetHints":{"allow":["GET"]}}],"collection":[{"href":"https:\/\/aschaffenburg.fau.org\/index.php?rest_route=\/wp\/v2\/posts"}],"about":[{"href":"https:\/\/aschaffenburg.fau.org\/index.php?rest_route=\/wp\/v2\/types\/post"}],"author":[{"embeddable":true,"href":"https:\/\/aschaffenburg.fau.org\/index.php?rest_route=\/wp\/v2\/users\/1"}],"replies":[{"embeddable":true,"href":"https:\/\/aschaffenburg.fau.org\/index.php?rest_route=%2Fwp%2Fv2%2Fcomments&post=788"}],"version-history":[{"count":8,"href":"https:\/\/aschaffenburg.fau.org\/index.php?rest_route=\/wp\/v2\/posts\/788\/revisions"}],"predecessor-version":[{"id":874,"href":"https:\/\/aschaffenburg.fau.org\/index.php?rest_route=\/wp\/v2\/posts\/788\/revisions\/874"}],"wp:attachment":[{"href":"https:\/\/aschaffenburg.fau.org\/index.php?rest_route=%2Fwp%2Fv2%2Fmedia&parent=788"}],"wp:term":[{"taxonomy":"category","embeddable":true,"href":"https:\/\/aschaffenburg.fau.org\/index.php?rest_route=%2Fwp%2Fv2%2Fcategories&post=788"},{"taxonomy":"post_tag","embeddable":true,"href":"https:\/\/aschaffenburg.fau.org\/index.php?rest_route=%2Fwp%2Fv2%2Ftags&post=788"}],"curies":[{"name":"wp","href":"https:\/\/api.w.org\/{rel}","templated":true}]}}