{"id":809,"date":"2025-04-09T14:44:35","date_gmt":"2025-04-09T12:44:35","guid":{"rendered":"https:\/\/aschaffenburg.fau.org\/?p=809"},"modified":"2025-04-09T14:45:05","modified_gmt":"2025-04-09T12:45:05","slug":"betriebsratswahlen-2026","status":"publish","type":"post","link":"https:\/\/aschaffenburg.fau.org\/?p=809","title":{"rendered":"Betriebsratswahlen 2026"},"content":{"rendered":"<div class=\"wp-block-image\">\n<figure class=\"alignleft size-medium\"><img loading=\"lazy\" decoding=\"async\" width=\"300\" height=\"300\" src=\"https:\/\/aschaffenburg.fau.org\/wp-content\/uploads\/2025\/04\/Betriebsratswahlen1-300x300.png\" alt=\"\" class=\"wp-image-810\" srcset=\"https:\/\/aschaffenburg.fau.org\/wp-content\/uploads\/2025\/04\/Betriebsratswahlen1-300x300.png 300w, https:\/\/aschaffenburg.fau.org\/wp-content\/uploads\/2025\/04\/Betriebsratswahlen1-1024x1024.png 1024w, https:\/\/aschaffenburg.fau.org\/wp-content\/uploads\/2025\/04\/Betriebsratswahlen1-150x150.png 150w, https:\/\/aschaffenburg.fau.org\/wp-content\/uploads\/2025\/04\/Betriebsratswahlen1-768x768.png 768w, https:\/\/aschaffenburg.fau.org\/wp-content\/uploads\/2025\/04\/Betriebsratswahlen1-350x350.png 350w, https:\/\/aschaffenburg.fau.org\/wp-content\/uploads\/2025\/04\/Betriebsratswahlen1.png 1080w\" sizes=\"auto, (max-width: 300px) 100vw, 300px\" \/><\/figure>\n<\/div>\n\n\n<p>Zwischen dem 1. M\u00e4rz und 31. Mai 2026 finden die n\u00e4chsten regul\u00e4ren Betriebsratswahlen in Deutschland statt.<br>Laut <a href=\"https:\/\/www.iwkoeln.de\/studien\/oliver-stettes-verbreitung-von-betriebsraeten-und-der-wunsch-nach-interessenvertretung.html\">einer aktuellen Studie<\/a> des arbeitgebernahen Instituts der deutschen Wirtschaft, sind Betriebsr\u00e4te in nur noch 7 Prozent der Betriebe anzutreffen. Somit wird etwa jeder dritte Besch\u00e4ftigte in der Privatwirtschaft noch von einem Betriebsrat vertreten. 1996 war es noch knapp jede:r zweite Besch\u00e4ftigte gewesen.<\/p>\n\n\n\n<p>Unsere Haltung zu Betriebsr\u00e4ten ist aufgrund des dahinter stehenden Stellvertretungsprinzips und der gesetzlichen Einhegung kritisch und eine Teilnahme an Betriebsratswahlen durch FAU-Listen lehnen wir ab. Dennoch gibt es betriebliche Situationen, in denen eine Mitarbeit im Betriebsrat sinnvoll sein kann. So sind auch Mitglieder der FAU in Gremien vertreten.<\/p>\n\n\n\n<p><strong>Kandidatur: Ja? Nein? Vielleicht doch?<\/strong><\/p>\n\n\n\n<p>Allen die mit der \u00dcberlegung spielen f\u00fcr den Betriebsrat zu kandidieren und \u00fcber noch keine Erfahrungen in der Betriebsratsarbeit verf\u00fcgen oder einen Betriebsrat neu gr\u00fcnden wollen, sei empfohlen, sich vorab zu informieren.<br>Denn auch wenn ein Betriebsrat ein starkes Werkzeug im Kampf zur Verbesserungen von Arbeitsbedingungen sein kann, birgt es auch die Gefahr von Frust und Entt\u00e4uschung.<\/p>\n\n\n\n<p>Vor allem dann, wenn man sich aus der Betriebsratsarbeit mehr erhofft, als der Rahmen des Betriebsverfassungsgesetz \u00fcberhaupt hergibt.<br>Zumal wir in der Praxis auch immer wieder erleben, dass Kolleg:innen mittels Betriebsrat Themen in Angriff nehmen wollen, f\u00fcr welche das Gremium nicht zust\u00e4ndig ist, bzw. unter das Aufgabengebiet von Gewerkschaften fallen.<\/p>\n\n\n\n<p><strong>Beratungstermin vereinbaren<\/strong><\/p>\n\n\n\n<p>Wir bieten allen, die sich gemeinsam mit anderen f\u00fcr bessere Arbeitsbedingungen einsetzen wollen, eine gewerkschaftliche Beratung zum Thema an.<br>Neben einer allgemeinen Einf\u00fchrung erl\u00e4utern wir Beratungs-, Mitwirkungs- und Mitbestimmungsrechte und stellen diese anhand von Praxisbeispielen aus dem betrieblichen Alltag vor.<\/p>\n\n\n\n<p>Eine Beratung kann als Einzelgespr\u00e4ch oder als Infoveranstaltung f\u00fcr mehrere Kolleg:innen gestaltet werden. Interessierte k\u00f6nnen sich zwecks Terminvereinbarung per Email an <a href=\"mailto:fauab-beratung@fau.org\" target=\"_blank\" rel=\"noreferrer noopener\">fauab-beratung@fau.org<\/a> wenden.<\/p>\n\n\n\n<p>Auch wenn der regul\u00e4re Wahltermin noch in weiter Ferne scheint: es lohnt sich fr\u00fchzeitig zu informieren um im Fall der F\u00e4lle gesetzte Fristen nicht auf den letzten Dr\u00fccker einhalten zu m\u00fcssen. Denn die Vorbereitung und Durchf\u00fchrung einer Betriebsratswahl ist auch ohne Zeitdruck stressig genug und will gut \u00fcberlegt sein.<\/p>\n\n\n\n<p><\/p>\n\n\n\n<p><\/p>\n\n\n\n<p><\/p>\n\n\n\n<p><\/p>\n\n\n\n<p><\/p>\n\n\n\n<p><\/p>\n\n\n\n<p><\/p>\n\n\n\n<p><\/p>\n\n\n\n<p><\/p>\n\n\n\n<p><\/p>\n","protected":false},"excerpt":{"rendered":"<p>Zwischen dem 1. M\u00e4rz und 31. Mai 2026 finden die n\u00e4chsten regul\u00e4ren Betriebsratswahlen in Deutschland statt.Laut einer aktuellen Studie des arbeitgebernahen Instituts der deutschen Wirtschaft, sind Betriebsr\u00e4te in nur noch 7 Prozent der Betriebe anzutreffen. Somit wird etwa jeder dritte Besch\u00e4ftigte in der Privatwirtschaft noch von einem Betriebsrat vertreten. 1996&#8230; <a class=\"continue-reading-link\" href=\"https:\/\/aschaffenburg.fau.org\/?p=809\">Continue reading<\/a><\/p>\n","protected":false},"author":1,"featured_media":0,"comment_status":"closed","ping_status":"open","sticky":false,"template":"","format":"standard","meta":{"footnotes":""},"categories":[5],"tags":[62,81],"class_list":["post-809","post","type-post","status-publish","format-standard","hentry","category-aktuell","tag-beratung","tag-betriebsrat"],"_links":{"self":[{"href":"https:\/\/aschaffenburg.fau.org\/index.php?rest_route=\/wp\/v2\/posts\/809","targetHints":{"allow":["GET"]}}],"collection":[{"href":"https:\/\/aschaffenburg.fau.org\/index.php?rest_route=\/wp\/v2\/posts"}],"about":[{"href":"https:\/\/aschaffenburg.fau.org\/index.php?rest_route=\/wp\/v2\/types\/post"}],"author":[{"embeddable":true,"href":"https:\/\/aschaffenburg.fau.org\/index.php?rest_route=\/wp\/v2\/users\/1"}],"replies":[{"embeddable":true,"href":"https:\/\/aschaffenburg.fau.org\/index.php?rest_route=%2Fwp%2Fv2%2Fcomments&post=809"}],"version-history":[{"count":1,"href":"https:\/\/aschaffenburg.fau.org\/index.php?rest_route=\/wp\/v2\/posts\/809\/revisions"}],"predecessor-version":[{"id":811,"href":"https:\/\/aschaffenburg.fau.org\/index.php?rest_route=\/wp\/v2\/posts\/809\/revisions\/811"}],"wp:attachment":[{"href":"https:\/\/aschaffenburg.fau.org\/index.php?rest_route=%2Fwp%2Fv2%2Fmedia&parent=809"}],"wp:term":[{"taxonomy":"category","embeddable":true,"href":"https:\/\/aschaffenburg.fau.org\/index.php?rest_route=%2Fwp%2Fv2%2Fcategories&post=809"},{"taxonomy":"post_tag","embeddable":true,"href":"https:\/\/aschaffenburg.fau.org\/index.php?rest_route=%2Fwp%2Fv2%2Ftags&post=809"}],"curies":[{"name":"wp","href":"https:\/\/api.w.org\/{rel}","templated":true}]}}