{"id":827,"date":"2025-09-02T12:05:02","date_gmt":"2025-09-02T10:05:02","guid":{"rendered":"https:\/\/aschaffenburg.fau.org\/?p=827"},"modified":"2025-09-19T12:06:42","modified_gmt":"2025-09-19T10:06:42","slug":"syndikalismus-und-stadtteilarbeit","status":"publish","type":"post","link":"https:\/\/aschaffenburg.fau.org\/?p=827","title":{"rendered":"Syndikalismus und Stadtteilarbeit"},"content":{"rendered":"<div class=\"wp-block-image\">\n<figure class=\"alignleft size-medium\"><img loading=\"lazy\" decoding=\"async\" width=\"300\" height=\"300\" src=\"https:\/\/aschaffenburg.fau.org\/wp-content\/uploads\/2025\/09\/Themenreihe-im-Dezember-2025-300x300.png\" alt=\"\" class=\"wp-image-828\" srcset=\"https:\/\/aschaffenburg.fau.org\/wp-content\/uploads\/2025\/09\/Themenreihe-im-Dezember-2025-300x300.png 300w, https:\/\/aschaffenburg.fau.org\/wp-content\/uploads\/2025\/09\/Themenreihe-im-Dezember-2025-1024x1024.png 1024w, https:\/\/aschaffenburg.fau.org\/wp-content\/uploads\/2025\/09\/Themenreihe-im-Dezember-2025-150x150.png 150w, https:\/\/aschaffenburg.fau.org\/wp-content\/uploads\/2025\/09\/Themenreihe-im-Dezember-2025-768x768.png 768w, https:\/\/aschaffenburg.fau.org\/wp-content\/uploads\/2025\/09\/Themenreihe-im-Dezember-2025-350x350.png 350w, https:\/\/aschaffenburg.fau.org\/wp-content\/uploads\/2025\/09\/Themenreihe-im-Dezember-2025.png 1080w\" sizes=\"auto, (max-width: 300px) 100vw, 300px\" \/><\/figure>\n<\/div>\n\n\n<p>Anarchosyndikalistische Gewerkschaften haben immer einen Doppelcharakter. Sie wollen einerseits ein praktisches Werkzeug f\u00fcr die Durchsetzung unserer Interessen im Betrieb und f\u00fcr ein besseres Leben im Hier und Heute sein. Gleichzeitig soll mit ihnen auch gesellschaftlicher Wandel abseits des Kapitalismus durchgesetzt werden. Orte der syndikalistischen Praxis waren historisch nicht nur Betriebe, sondern u.a. auch Stadtteile, Kommunen und so genannte Arbeiterb\u00f6rsen.<\/p>\n\n\n\n<p>Mit unserer Themenreihe wollen wir einen Blick auf historische Konzepte werfen, aktuellen Debatten nachsp\u00fcren sowie gemeinsam \u00fcberlegen, wie eine gewerkschaftliche Praxis neben der betrieblichen Ebene ausschauen k\u00f6nnte.<\/p>\n\n\n\n<p>Das vor dem Hintergrund, dass wir selbst mit einem neuen Gewerkschaftslokal einen im Stadtteil pr\u00e4senten Raum f\u00fcr Bildung, Organisierung und gegenseitige Hilfe aufbauen wollen.<\/p>\n\n\n\n<p><strong>\u00dcbersicht der Veranstaltungen: <\/strong><\/p>\n\n\n\n<p><strong>20.11.25.<\/strong><br>Film: Fernand Pelloutier und die Arbeitsb\u00f6rsen<\/p>\n\n\n\n<p><strong>27.11.25.<\/strong><br>Text &amp; Diskussion: Arbeiter:innenb\u00f6rsen aufbauen<\/p>\n\n\n\n<p><strong>4.12.25.<\/strong><br>Ideensammlung: Gewerkschaftsarbeit im Stadtteil<\/p>\n\n\n\n<p>Alle Veranstaltungen finden von 19 -21 Uhr statt. Der Ort wird noch bekanntgegeben. <\/p>\n\n\n\n<p><\/p>\n","protected":false},"excerpt":{"rendered":"<p>Anarchosyndikalistische Gewerkschaften haben immer einen Doppelcharakter. Sie wollen einerseits ein praktisches Werkzeug f\u00fcr die Durchsetzung unserer Interessen im Betrieb und f\u00fcr ein besseres Leben im Hier und Heute sein. Gleichzeitig soll mit ihnen auch gesellschaftlicher Wandel abseits des Kapitalismus durchgesetzt werden. Orte der syndikalistischen Praxis waren historisch nicht nur Betriebe,&#8230; <a class=\"continue-reading-link\" href=\"https:\/\/aschaffenburg.fau.org\/?p=827\">Continue reading<\/a><\/p>\n","protected":false},"author":1,"featured_media":0,"comment_status":"closed","ping_status":"open","sticky":false,"template":"","format":"standard","meta":{"footnotes":""},"categories":[5],"tags":[88,87,8],"class_list":["post-827","post","type-post","status-publish","format-standard","hentry","category-aktuell","tag-arbeiterboersen","tag-stadtteil","tag-syndikalismus"],"_links":{"self":[{"href":"https:\/\/aschaffenburg.fau.org\/index.php?rest_route=\/wp\/v2\/posts\/827","targetHints":{"allow":["GET"]}}],"collection":[{"href":"https:\/\/aschaffenburg.fau.org\/index.php?rest_route=\/wp\/v2\/posts"}],"about":[{"href":"https:\/\/aschaffenburg.fau.org\/index.php?rest_route=\/wp\/v2\/types\/post"}],"author":[{"embeddable":true,"href":"https:\/\/aschaffenburg.fau.org\/index.php?rest_route=\/wp\/v2\/users\/1"}],"replies":[{"embeddable":true,"href":"https:\/\/aschaffenburg.fau.org\/index.php?rest_route=%2Fwp%2Fv2%2Fcomments&post=827"}],"version-history":[{"count":2,"href":"https:\/\/aschaffenburg.fau.org\/index.php?rest_route=\/wp\/v2\/posts\/827\/revisions"}],"predecessor-version":[{"id":830,"href":"https:\/\/aschaffenburg.fau.org\/index.php?rest_route=\/wp\/v2\/posts\/827\/revisions\/830"}],"wp:attachment":[{"href":"https:\/\/aschaffenburg.fau.org\/index.php?rest_route=%2Fwp%2Fv2%2Fmedia&parent=827"}],"wp:term":[{"taxonomy":"category","embeddable":true,"href":"https:\/\/aschaffenburg.fau.org\/index.php?rest_route=%2Fwp%2Fv2%2Fcategories&post=827"},{"taxonomy":"post_tag","embeddable":true,"href":"https:\/\/aschaffenburg.fau.org\/index.php?rest_route=%2Fwp%2Fv2%2Ftags&post=827"}],"curies":[{"name":"wp","href":"https:\/\/api.w.org\/{rel}","templated":true}]}}