{"id":898,"date":"2025-12-15T11:24:58","date_gmt":"2025-12-15T10:24:58","guid":{"rendered":"https:\/\/aschaffenburg.fau.org\/?p=898"},"modified":"2025-12-15T11:32:48","modified_gmt":"2025-12-15T10:32:48","slug":"neuzugaenge-im-buchverleih","status":"publish","type":"post","link":"https:\/\/aschaffenburg.fau.org\/?p=898","title":{"rendered":"Neuzug\u00e4nge im Buchverleih"},"content":{"rendered":"<div class=\"wp-block-image\">\n<figure class=\"alignleft size-full is-resized\"><img loading=\"lazy\" decoding=\"async\" width=\"1148\" height=\"1805\" src=\"https:\/\/aschaffenburg.fau.org\/wp-content\/uploads\/2025\/01\/IMG_20250113_182416064_HDR-scaled-e1736851800628.jpg\" alt=\"\" class=\"wp-image-731\" style=\"width:220px;height:auto\" srcset=\"https:\/\/aschaffenburg.fau.org\/wp-content\/uploads\/2025\/01\/IMG_20250113_182416064_HDR-scaled-e1736851800628.jpg 1148w, https:\/\/aschaffenburg.fau.org\/wp-content\/uploads\/2025\/01\/IMG_20250113_182416064_HDR-scaled-e1736851800628-191x300.jpg 191w, https:\/\/aschaffenburg.fau.org\/wp-content\/uploads\/2025\/01\/IMG_20250113_182416064_HDR-scaled-e1736851800628-651x1024.jpg 651w, https:\/\/aschaffenburg.fau.org\/wp-content\/uploads\/2025\/01\/IMG_20250113_182416064_HDR-scaled-e1736851800628-768x1208.jpg 768w, https:\/\/aschaffenburg.fau.org\/wp-content\/uploads\/2025\/01\/IMG_20250113_182416064_HDR-scaled-e1736851800628-977x1536.jpg 977w, https:\/\/aschaffenburg.fau.org\/wp-content\/uploads\/2025\/01\/IMG_20250113_182416064_HDR-scaled-e1736851800628-223x350.jpg 223w, https:\/\/aschaffenburg.fau.org\/wp-content\/uploads\/2025\/01\/IMG_20250113_182416064_HDR-scaled-e1736851800628-95x150.jpg 95w\" sizes=\"auto, (max-width: 1148px) 100vw, 1148px\" \/><\/figure>\n<\/div>\n\n\n<p>In unserem Lokal steht eine stetig wachsende Anzahl von B\u00fcchern zur Verf\u00fcgung, welche von Mitgliedern kostenfrei ausgeliehen werden k\u00f6nnen.<\/p>\n\n\n\n<p>Darunter befinden sich u.a. praktische Handreichungen f\u00fcr gewerkschaftliche Praxis sowie Literatur zu Arbeitsrecht, Syndikalismus, Feminismus, unserer Vorg\u00e4ngerorganisation FAUD und einigem mehr.<\/p>\n\n\n\n<p>Die letzten Neuzug\u00e4nge: <\/p>\n\n\n\n<p><strong>Anarcho-Syndikalistinnen<\/strong> <a href=\"https:\/\/www.edition-av.de\/buecher\/doehring-anarcho-syndikalistinnen.html\">(Link zum Verlag)<\/a><br>Deutschsprachige Frauen im historischen Anarcho-Syndikalismus<\/p>\n\n\n\n<p><strong>Mehr Zeit zum Lieben, Leben, Lachen<\/strong> <a href=\"https:\/\/unrast-verlag.de\/produkt\/mehr-zeit-zum-leben-lieben-lachen\/\">(Link zum Verlag) <\/a><br>\u00dcber den Kampf um freie Zeit<\/p>\n\n\n\n<p><strong>Weniger Arbeiten, mehr Leben!<\/strong> <a href=\"https:\/\/www.vsa-verlag.de\/nc\/detail\/artikel\/weniger-arbeiten-mehr-leben\/\">(Link zum Verlag)<\/a><br>Die neue Aktualit\u00e4t von Arbeitszeitverk\u00fcrzung<\/p>\n\n\n\n<p><strong>Feministinnen in der Revolution<\/strong> <a href=\"https:\/\/unrast-verlag.de\/produkt\/feministinnen-in-der-revolution\/\">(Link zum Verlag) <\/a><br>Die Gruppe Mujeres Libres im Spanischen B\u00fcrgerkrieg<\/p>\n\n\n\n<p><em>In K\u00fcrze verf\u00fcgbar<\/em><br><br><strong>Lieber leben wir als Au\u00dferirdische<\/strong> <a href=\"https:\/\/www.syndikat-a.de\/VERLAG-SYNDIKAT-A\/Buecher-Broschueren\/V142-Franz-Heuholz-Lieber-leben-wir-als-Ausserirdische::41422.html\">(Link zum Verlag)<\/a> <br>Basisorganisierung zwischen Aktivismus, Widerst\u00e4ndigkeit und Militanz am Beispiel eines Syndikats der FAU<\/p>\n\n\n\n<p><\/p>\n","protected":false},"excerpt":{"rendered":"<p>In unserem Lokal steht eine stetig wachsende Anzahl von B\u00fcchern zur Verf\u00fcgung, welche von Mitgliedern kostenfrei ausgeliehen werden k\u00f6nnen. Darunter befinden sich u.a. praktische Handreichungen f\u00fcr gewerkschaftliche Praxis sowie Literatur zu Arbeitsrecht, Syndikalismus, Feminismus, unserer Vorg\u00e4ngerorganisation FAUD und einigem mehr. Die letzten Neuzug\u00e4nge: Anarcho-Syndikalistinnen (Link zum Verlag)Deutschsprachige Frauen im historischen&#8230; <a class=\"continue-reading-link\" href=\"https:\/\/aschaffenburg.fau.org\/?p=898\">Continue reading<\/a><\/p>\n","protected":false},"author":1,"featured_media":0,"comment_status":"closed","ping_status":"open","sticky":false,"template":"","format":"standard","meta":{"footnotes":""},"categories":[5],"tags":[92,93,71],"class_list":["post-898","post","type-post","status-publish","format-standard","hentry","category-aktuell","tag-buchverleih","tag-literatur","tag-theorie"],"_links":{"self":[{"href":"https:\/\/aschaffenburg.fau.org\/index.php?rest_route=\/wp\/v2\/posts\/898","targetHints":{"allow":["GET"]}}],"collection":[{"href":"https:\/\/aschaffenburg.fau.org\/index.php?rest_route=\/wp\/v2\/posts"}],"about":[{"href":"https:\/\/aschaffenburg.fau.org\/index.php?rest_route=\/wp\/v2\/types\/post"}],"author":[{"embeddable":true,"href":"https:\/\/aschaffenburg.fau.org\/index.php?rest_route=\/wp\/v2\/users\/1"}],"replies":[{"embeddable":true,"href":"https:\/\/aschaffenburg.fau.org\/index.php?rest_route=%2Fwp%2Fv2%2Fcomments&post=898"}],"version-history":[{"count":2,"href":"https:\/\/aschaffenburg.fau.org\/index.php?rest_route=\/wp\/v2\/posts\/898\/revisions"}],"predecessor-version":[{"id":900,"href":"https:\/\/aschaffenburg.fau.org\/index.php?rest_route=\/wp\/v2\/posts\/898\/revisions\/900"}],"wp:attachment":[{"href":"https:\/\/aschaffenburg.fau.org\/index.php?rest_route=%2Fwp%2Fv2%2Fmedia&parent=898"}],"wp:term":[{"taxonomy":"category","embeddable":true,"href":"https:\/\/aschaffenburg.fau.org\/index.php?rest_route=%2Fwp%2Fv2%2Fcategories&post=898"},{"taxonomy":"post_tag","embeddable":true,"href":"https:\/\/aschaffenburg.fau.org\/index.php?rest_route=%2Fwp%2Fv2%2Ftags&post=898"}],"curies":[{"name":"wp","href":"https:\/\/api.w.org\/{rel}","templated":true}]}}