{"id":957,"date":"2026-01-22T20:47:40","date_gmt":"2026-01-22T19:47:40","guid":{"rendered":"https:\/\/aschaffenburg.fau.org\/?p=957"},"modified":"2026-01-23T09:06:16","modified_gmt":"2026-01-23T08:06:16","slug":"jahresauftakt-2026","status":"publish","type":"post","link":"https:\/\/aschaffenburg.fau.org\/?p=957","title":{"rendered":"Jahresauftakt 2026"},"content":{"rendered":"<div class=\"wp-block-image\">\n<figure class=\"alignleft size-medium\"><img loading=\"lazy\" decoding=\"async\" width=\"300\" height=\"300\" src=\"https:\/\/aschaffenburg.fau.org\/wp-content\/uploads\/2026\/01\/Lokal-Fenster-300x300.png\" alt=\"\" class=\"wp-image-958\" srcset=\"https:\/\/aschaffenburg.fau.org\/wp-content\/uploads\/2026\/01\/Lokal-Fenster-300x300.png 300w, https:\/\/aschaffenburg.fau.org\/wp-content\/uploads\/2026\/01\/Lokal-Fenster-1024x1024.png 1024w, https:\/\/aschaffenburg.fau.org\/wp-content\/uploads\/2026\/01\/Lokal-Fenster-150x150.png 150w, https:\/\/aschaffenburg.fau.org\/wp-content\/uploads\/2026\/01\/Lokal-Fenster-768x768.png 768w, https:\/\/aschaffenburg.fau.org\/wp-content\/uploads\/2026\/01\/Lokal-Fenster-350x350.png 350w, https:\/\/aschaffenburg.fau.org\/wp-content\/uploads\/2026\/01\/Lokal-Fenster.png 1080w\" sizes=\"auto, (max-width: 300px) 100vw, 300px\" \/><\/figure>\n<\/div>\n\n\n<p>Am 17. Januar fand unsere Jahreshauptversammlung statt.<\/p>\n\n\n\n<p>Auf dieser berichteten die Sekretariate und Arbeitsgruppen \u00fcber ihre Arbeit der vergangenen Monate und gaben einen Ausblick auf das kommende Jahr.<br>Zudem fand die Wahl des \u201cSekretariat f\u00fcr \u00d6ffentlichkeitsarbeit\u201d statt.<br><br>Im Mittelpunkt stand jedoch die Er\u00f6ffnung unseres neuen Ladenlokals im Aschaffenburger Stadtteil Damm. Zwar sind die Renovierungsarbeiten noch nicht vollst\u00e4ndig abgeschlossen, aber das Gr\u00f6bste ist geschafft.<\/p>\n\n\n\n<p><\/p>\n\n\n\n<p><br>Daher freut es uns unsere neuen Beratungsangebote bekannt geben zu k\u00f6nnen.<\/p>\n\n\n\n<p><strong>Gewerkschaftliche Sprechstunde<\/strong><\/p>\n\n\n\n<p>Bislang fand unsere gewerkschaftliche Erstberatung ausschlie\u00dflich nach Terminvereinbarung statt. Ab Februar wird es zus\u00e4tzlich eine monatliche Sprechzeit geben, bei der Ratsuchende auch ohne vorherige Terminvereinbarung mit Fragen auf uns zukommen k\u00f6nnen. Das monatliche Angebot richtet sich auch explizit an Nichtmitglieder.<br>Eine individuelle Terminvereinbarung mit unserer Arbeitsgruppe \u201egewerkschaftliche Erstberatung\u201c bleibt nach wie vor m\u00f6glich und ist auch ratsam f\u00fcr alle, die komplexere Fragen zu ihrer Arbeitsplatzsituation haben bzw. sich genauer \u00fcber gewerkschaftliche Organisierungsm\u00f6glichkeiten informieren m\u00f6chten.<\/p>\n\n\n\n<p><strong>Beratung zu Kriegsdienstverweigerung<\/strong><\/p>\n\n\n\n<p>Neu hinzu kommt unsere Beratung zu Kriegsdienstverweigerung. Dieses Angebot wird durch eine neu eingerichtete Arbeitsgruppe geleistet, die sich durch die <a href=\"https:\/\/dfg-vk.de\/\">Deutsche Friedensgesellschaft &#8211; Vereinte Kriegsdienstverweiger:innen<\/a> daf\u00fcr hat schulen lassen.<br>Das Angebot richtet sich an Betroffene sowie ratsuchende Eltern, die sich zum Thema Kriegsdienstverweigerung und deren Ablauf informieren wollen. Die AG ist ab sofort erreichbar unter kdv-ab@fau.org<\/p>\n\n\n\n<p><strong>Offenes Gewerkschaftslokal<\/strong><\/p>\n\n\n\n<p>F\u00fcr alle an der FAU-Interessierten gibt es jetzt die M\u00f6glichkeit bei unserem offenen Gewerkschaftslokal vorbeizuschauen. Jeden dritten Montag im Monat bietet wir hier eine Anlaufstelle bei allgemeinen Fragen zur FAU und Mitgliedschaft, f\u00fcr ungezwungenen Austausch oder um in unserem B\u00fccherbestand zu schm\u00f6kern.<\/p>\n\n\n\n<p><strong>Los geht`s<\/strong><\/p>\n\n\n\n<p>Zum Abschluss unserer Versammlung wurden die bereits feststehenden Termine im 1. Quartal bekannt gegeben, worunter u.a. eine Tagesschulung \u201egewerkschaftliches Basiswissen\u201c am 21.2. f\u00e4llt, sowie eine Veranstaltung zum feministischen M\u00e4rz am 9.3.<\/p>\n\n\n\n<p>Wir danken an dieser Stelle allen Mitgliedern f\u00fcr ihre bisherige Unterst\u00fctzung und freuen uns auf alle die in 2026 neu hinzusto\u00dfen, um mit uns die FAU Aschaffenburg weiter auf- und auszubauen.<\/p>\n\n\n\n<p><em>Gesamtsekretariat des allgemeinen Syndikats der FAU Aschaffenburg<\/em><\/p>\n\n\n\n<p><\/p>\n","protected":false},"excerpt":{"rendered":"<p>Am 17. Januar fand unsere Jahreshauptversammlung statt. Auf dieser berichteten die Sekretariate und Arbeitsgruppen \u00fcber ihre Arbeit der vergangenen Monate und gaben einen Ausblick auf das kommende Jahr.Zudem fand die Wahl des \u201cSekretariat f\u00fcr \u00d6ffentlichkeitsarbeit\u201d statt. Im Mittelpunkt stand jedoch die Er\u00f6ffnung unseres neuen Ladenlokals im Aschaffenburger Stadtteil Damm. Zwar&#8230; <a class=\"continue-reading-link\" href=\"https:\/\/aschaffenburg.fau.org\/?p=957\">Continue reading<\/a><\/p>\n","protected":false},"author":1,"featured_media":0,"comment_status":"closed","ping_status":"open","sticky":false,"template":"","format":"standard","meta":{"footnotes":""},"categories":[5],"tags":[10,97,62,90,83,96,67,95],"class_list":["post-957","post","type-post","status-publish","format-standard","hentry","category-aktuell","tag-arbeitsrecht","tag-aschaffenburg","tag-beratung","tag-gewerkschaftslokal","tag-jahreshauptversammlung","tag-kriegsdienstverweigerung","tag-schulung","tag-wehrpflicht"],"_links":{"self":[{"href":"https:\/\/aschaffenburg.fau.org\/index.php?rest_route=\/wp\/v2\/posts\/957","targetHints":{"allow":["GET"]}}],"collection":[{"href":"https:\/\/aschaffenburg.fau.org\/index.php?rest_route=\/wp\/v2\/posts"}],"about":[{"href":"https:\/\/aschaffenburg.fau.org\/index.php?rest_route=\/wp\/v2\/types\/post"}],"author":[{"embeddable":true,"href":"https:\/\/aschaffenburg.fau.org\/index.php?rest_route=\/wp\/v2\/users\/1"}],"replies":[{"embeddable":true,"href":"https:\/\/aschaffenburg.fau.org\/index.php?rest_route=%2Fwp%2Fv2%2Fcomments&post=957"}],"version-history":[{"count":9,"href":"https:\/\/aschaffenburg.fau.org\/index.php?rest_route=\/wp\/v2\/posts\/957\/revisions"}],"predecessor-version":[{"id":968,"href":"https:\/\/aschaffenburg.fau.org\/index.php?rest_route=\/wp\/v2\/posts\/957\/revisions\/968"}],"wp:attachment":[{"href":"https:\/\/aschaffenburg.fau.org\/index.php?rest_route=%2Fwp%2Fv2%2Fmedia&parent=957"}],"wp:term":[{"taxonomy":"category","embeddable":true,"href":"https:\/\/aschaffenburg.fau.org\/index.php?rest_route=%2Fwp%2Fv2%2Fcategories&post=957"},{"taxonomy":"post_tag","embeddable":true,"href":"https:\/\/aschaffenburg.fau.org\/index.php?rest_route=%2Fwp%2Fv2%2Ftags&post=957"}],"curies":[{"name":"wp","href":"https:\/\/api.w.org\/{rel}","templated":true}]}}